{"id":84057,"date":"2026-08-31T15:44:00","date_gmt":"2026-08-31T21:44:00","guid":{"rendered":"https:\/\/labestiapolitica.com.mx\/?p=84057"},"modified":"2026-08-31T15:44:00","modified_gmt":"2026-08-31T21:44:00","slug":"carrera-de-los-barrios-mantiene-viva-una-tradicion-deportiva-que-reune-a-generaciones-en-huamantla","status":"publish","type":"post","link":"https:\/\/labestiapolitica.com.mx\/?p=84057","title":{"rendered":"Carrera de los Barrios mantiene viva una tradici\u00f3n deportiva que re\u00fane a generaciones en Huamantla."},"content":{"rendered":"<p style=\"text-align: justify;\">Familias, ni\u00f1as, ni\u00f1os, j\u00f3venes, adultos y corredores experimentados se dieron cita para participar en una nueva edici\u00f3n de la tradicional Carrera de los Barrios, una de las actividades deportivas con mayor arraigo entre las familias huamantlecas y que, a\u00f1o con a\u00f1o, forma parte de las celebraciones de la Feria Internacional del Arte Ef\u00edmero y de la Dalia.<\/p>\n<p style=\"text-align: justify;\">Con recorridos de 5 y 10 kil\u00f3metros, las calles de Huamantla se convirtieron nuevamente en el escenario de esta fiesta deportiva, en la que participantes de distintas edades y niveles de experiencia compartieron el mismo objetivo: disfrutar de la carrera, activarse f\u00edsicamente y mantener viva una tradici\u00f3n que forma parte de la historia deportiva del municipio.<\/p>\n<p style=\"text-align: justify;\">Uno de los principales distintivos de esta edici\u00f3n fue precisamente la convivencia entre generaciones. Familias completas participaron juntas, mientras que corredores dedicados al deporte pusieron a prueba su resistencia y experiencia, compartiendo el recorrido con quienes se sumaron simplemente por el gusto de correr y ser parte de esta celebraci\u00f3n.<\/p>\n<p style=\"text-align: justify;\">La Carrera de los Barrios tuvo en esta ocasi\u00f3n un car\u00e1cter conmemorativo, por lo que no se contempl\u00f3 premiaci\u00f3n. El prop\u00f3sito fue celebrar la permanencia de esta tradici\u00f3n y generar un espacio de convivencia a trav\u00e9s del deporte, donde lo m\u00e1s importante fue participar y llegar a la meta.<\/p>\n<p style=\"text-align: justify;\">Las personas que realizaron su inscripci\u00f3n dentro del periodo establecido y contaron con folio recibieron su medalla conmemorativa al completar el recorrido. De igual manera, quienes no alcanzaron registro oficial tuvieron la oportunidad de sumarse a la carrera y disfrutar de los recorridos, demostrando que el esp\u00edritu de esta actividad va mucho m\u00e1s all\u00e1 de una competencia.<\/p>\n<p style=\"text-align: justify;\">M\u00e1s que una carrera, la Carrera de los Barrios representa una oportunidad para recorrer Huamantla, encontrarse con sus calles, sus barrios y su gente, y recordar que las tradiciones tambi\u00e9n se mantienen vivas cuando las nuevas generaciones las hacen suyas.<\/p>\n<p style=\"text-align: justify;\">Con este tipo de actividades, el Gobierno Municipal que preside Salvador Santos Cedillo impulsa la pr\u00e1ctica deportiva, la convivencia familiar y la preservaci\u00f3n de las tradiciones que forman parte de la identidad de Huamantla.<\/p>\n<p style=\"text-align: justify;\">Porque correr por Huamantla tambi\u00e9n es correr por nuestra historia, por nuestros barrios y por el orgullo de ser huamantlecos.<\/p>\n<p>&nbsp;<\/p>\n<p><img loading=\"lazy\" decoding=\"async\" class=\"aligncenter wp-image-79046 size-large\" src=\"https:\/\/labestiapolitica.com.mx\/wp-content\/uploads\/2026\/07\/AJ-uni-819x1024.jpeg\" alt=\"\" width=\"640\" height=\"800\" srcset=\"https:\/\/labestiapolitica.com.mx\/wp-content\/uploads\/2026\/07\/AJ-uni-819x1024.jpeg 819w, https:\/\/labestiapolitica.com.mx\/wp-content\/uploads\/2026\/07\/AJ-uni-240x300.jpeg 240w, https:\/\/labestiapolitica.com.mx\/wp-content\/uploads\/2026\/07\/AJ-uni-768x960.jpeg 768w, https:\/\/labestiapolitica.com.mx\/wp-content\/uploads\/2026\/07\/AJ-uni.jpeg 1080w\" sizes=\"auto, (max-width: 640px) 100vw, 640px\" \/><\/p>\n","protected":false},"excerpt":{"rendered":"<p>Familias, ni\u00f1as, ni\u00f1os, j\u00f3venes, adultos y corredores experimentados se dieron cita para participar en una nueva edici\u00f3n de la tradicional Carrera de los Barrios, una de las actividades deportivas con mayor arraigo entre las familias huamantlecas y que, a\u00f1o con a\u00f1o, forma parte de las celebraciones de la Feria Internacional del Arte Ef\u00edmero y de [&hellip;]<\/p>\n","protected":false},"author":5,"featured_media":84058,"comment_status":"open","ping_status":"open","sticky":false,"template":"","format":"standard","meta":{"footnotes":""},"categories":[220,216],"tags":[],"class_list":["post-84057","post","type-post","status-publish","format-standard","has-post-thumbnail","hentry","category-huamantla","category-municipios"],"amp_enabled":true,"_links":{"self":[{"href":"https:\/\/labestiapolitica.com.mx\/index.php?rest_route=\/wp\/v2\/posts\/84057","targetHints":{"allow":["GET"]}}],"collection":[{"href":"https:\/\/labestiapolitica.com.mx\/index.php?rest_route=\/wp\/v2\/posts"}],"about":[{"href":"https:\/\/labestiapolitica.com.mx\/index.php?rest_route=\/wp\/v2\/types\/post"}],"author":[{"embeddable":true,"href":"https:\/\/labestiapolitica.com.mx\/index.php?rest_route=\/wp\/v2\/users\/5"}],"replies":[{"embeddable":true,"href":"https:\/\/labestiapolitica.com.mx\/index.php?rest_route=%2Fwp%2Fv2%2Fcomments&post=84057"}],"version-history":[{"count":1,"href":"https:\/\/labestiapolitica.com.mx\/index.php?rest_route=\/wp\/v2\/posts\/84057\/revisions"}],"predecessor-version":[{"id":84059,"href":"https:\/\/labestiapolitica.com.mx\/index.php?rest_route=\/wp\/v2\/posts\/84057\/revisions\/84059"}],"wp:featuredmedia":[{"embeddable":true,"href":"https:\/\/labestiapolitica.com.mx\/index.php?rest_route=\/wp\/v2\/media\/84058"}],"wp:attachment":[{"href":"https:\/\/labestiapolitica.com.mx\/index.php?rest_route=%2Fwp%2Fv2%2Fmedia&parent=84057"}],"wp:term":[{"taxonomy":"category","embeddable":true,"href":"https:\/\/labestiapolitica.com.mx\/index.php?rest_route=%2Fwp%2Fv2%2Fcategories&post=84057"},{"taxonomy":"post_tag","embeddable":true,"href":"https:\/\/labestiapolitica.com.mx\/index.php?rest_route=%2Fwp%2Fv2%2Ftags&post=84057"}],"curies":[{"name":"wp","href":"https:\/\/api.w.org\/{rel}","templated":true}]}}