{"id":84060,"date":"2026-08-31T15:48:01","date_gmt":"2026-08-31T21:48:01","guid":{"rendered":"https:\/\/labestiapolitica.com.mx\/?p=84060"},"modified":"2026-08-31T15:48:01","modified_gmt":"2026-08-31T21:48:01","slug":"tlaxcala-pierde-16-mil-personas-ocupadas-y-crece-la-informalidad-miriam-martinez","status":"publish","type":"post","link":"https:\/\/labestiapolitica.com.mx\/?p=84060","title":{"rendered":"Tlaxcala pierde 16 mil personas ocupadas y crece la informalidad: Miriam Mart\u00ednez."},"content":{"rendered":"<p style=\"text-align: justify;\">La p\u00e9rdida de 16 mil personas ocupadas en Tlaxcala durante el \u00faltimo a\u00f1o evidencia la necesidad de atender con urgencia la realidad econ\u00f3mica que enfrentan miles de familias, afirm\u00f3 la diputada panista Miriam Mart\u00ednez S\u00e1nchez.<\/p>\n<p style=\"text-align: justify;\">La legisladora sostuvo que, mientras miles de tlaxcaltecas luchan diariamente por conservar o encontrar un empleo, persiste una preocupante desconexi\u00f3n con las necesidades econ\u00f3micas de las familias.<\/p>\n<blockquote>\n<p style=\"text-align: justify;\"><em>\u201cNo podemos hablar de una pol\u00edtica econ\u00f3mica exitosa cuando en un solo a\u00f1o se perdieron 16 mil empleos. Detr\u00e1s de cada empleo perdido hay una persona, una familia y un proyecto de vida que hoy enfrenta incertidumbre\u201d, sostuvo.<\/em><\/p>\n<\/blockquote>\n<p style=\"text-align: justify;\">De acuerdo con los resultados de la Encuesta Nacional de Ocupaci\u00f3n y Empleo (ENOE), correspondientes al segundo trimestre de 2026 y dados a conocer por el INEGI, la poblaci\u00f3n ocupada en Tlaxcala pas\u00f3 de aproximadamente 687 mil personas en el segundo trimestre de 2025 a 671 mil en el mismo periodo de este a\u00f1o, lo que representa una reducci\u00f3n de 16 mil personas.<\/p>\n<p style=\"text-align: justify;\">A ello se suma que la poblaci\u00f3n desocupada aument\u00f3 y alcanz\u00f3 alrededor de 24 mil personas, de las cuales 11 mil son mujeres, mientras que la Poblaci\u00f3n Econ\u00f3micamente Activa (PEA) disminuy\u00f3 de 703 mil a 694 mil personas.<\/p>\n<p style=\"text-align: justify;\">Mart\u00ednez S\u00e1nchez advirti\u00f3 que las cifras son todav\u00eda m\u00e1s preocupantes cuando se observa la calidad del empleo. Tlaxcala se encuentra entre las entidades con mayores niveles de condiciones cr\u00edticas de ocupaci\u00f3n, con alrededor de 45 por ciento de su poblaci\u00f3n ocupada en circunstancias relacionadas con jornadas excesivas, insuficiencia de ingresos o empleo insuficiente.<\/p>\n<blockquote>\n<p style=\"text-align: justify;\"><em>\u201cNo basta con presumir que hay trabajo; tenemos que preguntarnos qu\u00e9 tipo de trabajo tienen los tlaxcaltecas, cu\u00e1nto ganan y si ese ingreso les permite vivir con dignidad\u201d, enfatiz\u00f3.<\/em><\/p>\n<\/blockquote>\n<p style=\"text-align: justify;\">La legisladora se\u00f1al\u00f3, adem\u00e1s, que alrededor de 483 mil personas se encuentran en condiciones de informalidad laboral, lo que significa que siete de cada diez trabajadores enfrentan alg\u00fan grado de vulnerabilidad por la naturaleza de su empleo o por la falta de reconocimiento y protecci\u00f3n laboral.<\/p>\n<p style=\"text-align: justify;\">Para la diputada del PAN, estos indicadores demuestran que Tlaxcala necesita una pol\u00edtica econ\u00f3mica que privilegie a quienes todos los d\u00edas producen, comercian, emprenden, fabrican, venden y generan empleos, y no una administraci\u00f3n concentrada en la imagen y el discurso.<\/p>\n<blockquote>\n<p style=\"text-align: justify;\"><em>\u201cResulta ofensivo que, mientras miles de familias hacen cuentas para llegar a fin de mes, haya funcionarios que se conduzcan con una soberbia desmedida y hasta lleguen a presumir que han hecho m\u00e1s por Tlaxcala que los propios tlaxcaltecas. Aqu\u00ed la realidad pone las cosas en su lugar: son los tlaxcaltecas quienes todos los d\u00edas sostienen la econom\u00eda del estado\u201d, afirm\u00f3.<\/em><\/p>\n<\/blockquote>\n<p style=\"text-align: justify;\">La panista Miriam Mart\u00ednez S\u00e1nchez sostuvo que quienes ocupan cargos p\u00fablicos deben conocer y vivir las necesidades de la entidad, asumir responsabilidades y rendir cuentas sobre los resultados de sus pol\u00edticas.<\/p>\n<blockquote>\n<p style=\"text-align: justify;\"><em>\u201cTlaxcala no necesita funcionarios de paso ni servidores p\u00fablicos que vengan a administrar el dinero de los tlaxcaltecas desde una oficina y despu\u00e9s se olviden de nuestra gente. Necesitamos tlaxcaltecas en la primera l\u00ednea de las decisiones, comprometidos con nuestra tierra y con capacidad para construir soluciones\u201d, puntualiz\u00f3.<\/em><\/p>\n<\/blockquote>\n<p style=\"text-align: justify;\">Por ello, la diputada propuso que las pol\u00edticas econ\u00f3micas estatales se concentren en la generaci\u00f3n de empleo formal, el apoyo a peque\u00f1as y medianas empresas, el acceso al cr\u00e9dito, la capacitaci\u00f3n, la comercializaci\u00f3n de productos locales y la creaci\u00f3n de condiciones que permitan a los emprendedores crecer.<\/p>\n<blockquote>\n<p style=\"text-align: justify;\"><em>\u201cHoy no podemos conformarnos con aplaudir su esfuerzo mientras no se generan las condiciones para que ese esfuerzo prospere. Tlaxcala merece una econom\u00eda que crezca desde sus comunidades y no una econom\u00eda que deje atr\u00e1s a sus trabajadores\u201d, expres\u00f3.<\/em><\/p>\n<\/blockquote>\n<p>&nbsp;<\/p>\n<p><img loading=\"lazy\" decoding=\"async\" class=\"aligncenter wp-image-79046 size-large\" src=\"https:\/\/labestiapolitica.com.mx\/wp-content\/uploads\/2026\/07\/AJ-uni-819x1024.jpeg\" alt=\"\" width=\"640\" height=\"800\" srcset=\"https:\/\/labestiapolitica.com.mx\/wp-content\/uploads\/2026\/07\/AJ-uni-819x1024.jpeg 819w, https:\/\/labestiapolitica.com.mx\/wp-content\/uploads\/2026\/07\/AJ-uni-240x300.jpeg 240w, https:\/\/labestiapolitica.com.mx\/wp-content\/uploads\/2026\/07\/AJ-uni-768x960.jpeg 768w, https:\/\/labestiapolitica.com.mx\/wp-content\/uploads\/2026\/07\/AJ-uni.jpeg 1080w\" sizes=\"auto, (max-width: 640px) 100vw, 640px\" \/><\/p>\n","protected":false},"excerpt":{"rendered":"<p>La p\u00e9rdida de 16 mil personas ocupadas en Tlaxcala durante el \u00faltimo a\u00f1o evidencia la necesidad de atender con urgencia la realidad econ\u00f3mica que enfrentan miles de familias, afirm\u00f3 la diputada panista Miriam Mart\u00ednez S\u00e1nchez. La legisladora sostuvo que, mientras miles de tlaxcaltecas luchan diariamente por conservar o encontrar un empleo, persiste una preocupante desconexi\u00f3n [&hellip;]<\/p>\n","protected":false},"author":5,"featured_media":84061,"comment_status":"open","ping_status":"open","sticky":false,"template":"","format":"standard","meta":{"footnotes":""},"categories":[248,264,247],"tags":[],"class_list":["post-84060","post","type-post","status-publish","format-standard","has-post-thumbnail","hentry","category-pan","category-partidos-politicos","category-politica"],"amp_enabled":true,"_links":{"self":[{"href":"https:\/\/labestiapolitica.com.mx\/index.php?rest_route=\/wp\/v2\/posts\/84060","targetHints":{"allow":["GET"]}}],"collection":[{"href":"https:\/\/labestiapolitica.com.mx\/index.php?rest_route=\/wp\/v2\/posts"}],"about":[{"href":"https:\/\/labestiapolitica.com.mx\/index.php?rest_route=\/wp\/v2\/types\/post"}],"author":[{"embeddable":true,"href":"https:\/\/labestiapolitica.com.mx\/index.php?rest_route=\/wp\/v2\/users\/5"}],"replies":[{"embeddable":true,"href":"https:\/\/labestiapolitica.com.mx\/index.php?rest_route=%2Fwp%2Fv2%2Fcomments&post=84060"}],"version-history":[{"count":1,"href":"https:\/\/labestiapolitica.com.mx\/index.php?rest_route=\/wp\/v2\/posts\/84060\/revisions"}],"predecessor-version":[{"id":84062,"href":"https:\/\/labestiapolitica.com.mx\/index.php?rest_route=\/wp\/v2\/posts\/84060\/revisions\/84062"}],"wp:featuredmedia":[{"embeddable":true,"href":"https:\/\/labestiapolitica.com.mx\/index.php?rest_route=\/wp\/v2\/media\/84061"}],"wp:attachment":[{"href":"https:\/\/labestiapolitica.com.mx\/index.php?rest_route=%2Fwp%2Fv2%2Fmedia&parent=84060"}],"wp:term":[{"taxonomy":"category","embeddable":true,"href":"https:\/\/labestiapolitica.com.mx\/index.php?rest_route=%2Fwp%2Fv2%2Fcategories&post=84060"},{"taxonomy":"post_tag","embeddable":true,"href":"https:\/\/labestiapolitica.com.mx\/index.php?rest_route=%2Fwp%2Fv2%2Ftags&post=84060"}],"curies":[{"name":"wp","href":"https:\/\/api.w.org\/{rel}","templated":true}]}}