{"id":84069,"date":"2026-08-31T16:01:44","date_gmt":"2026-08-31T22:01:44","guid":{"rendered":"https:\/\/labestiapolitica.com.mx\/?p=84069"},"modified":"2026-08-31T16:01:44","modified_gmt":"2026-08-31T22:01:44","slug":"gobierno-estatal-transforma-atencion-a-personas-con-discapacidad-con-inversion-de-mil-209-mdp","status":"publish","type":"post","link":"https:\/\/labestiapolitica.com.mx\/?p=84069","title":{"rendered":"Gobierno estatal transforma atenci\u00f3n a personas con discapacidad con inversi\u00f3n de mil 209 mdp."},"content":{"rendered":"<ul>\n<li style=\"text-align: justify;\">Entre 2022 y 2026, la administraci\u00f3n estatal destin\u00f3 m\u00e1s de mil 209 millones de pesos a personas con discapacidad, frente a 57.5 millones ejercidos entre 2017 y 2021; la pol\u00edtica tiene ra\u00edces en la trayectoria de la gobernadora como maestra de educaci\u00f3n especial.<\/li>\n<\/ul>\n<p style=\"text-align: justify;\">Mucho antes de ser gobernadora, Lorena Cu\u00e9llar Cisneros fue maestra de ni\u00f1as y ni\u00f1os sordos y ciegos. M\u00e1s de cuatro d\u00e9cadas despu\u00e9s, aquella vocaci\u00f3n adquiri\u00f3 otra dimensi\u00f3n desde el servicio p\u00fablico: entre 2022 y 2026, su administraci\u00f3n ha destinado m\u00e1s de mil 209 millones de pesos a la atenci\u00f3n de personas con discapacidad, frente a los 57.5 millones ejercidos entre 2017 y 2021.<\/p>\n<p style=\"text-align: justify;\">La diferencia representa m\u00e1s de 21 veces los recursos destinados durante la administraci\u00f3n anterior y coloca a la atenci\u00f3n de las personas con discapacidad entre los rubros con mayor crecimiento presupuestal durante el actual gobierno.<\/p>\n<p style=\"text-align: justify;\">Pero el cambio no se limita al volumen de recursos. En cinco a\u00f1os, Tlaxcala avanz\u00f3 hacia una red m\u00e1s amplia de atenci\u00f3n que integra pensiones, rehabilitaci\u00f3n especializada, infraestructura, capacitaci\u00f3n para la vida productiva y ayudas funcionales, con el objetivo de fortalecer la autonom\u00eda, inclusi\u00f3n y calidad de vida de las personas con discapacidad y sus familias.<\/p>\n<p style=\"text-align: justify;\">La inversi\u00f3n acumulada asciende a mil 209 millones 79 mil 411 pesos y tiene uno de sus principales componentes en el Centro de Rehabilitaci\u00f3n, Inclusi\u00f3n y Autismo de Tlaxcala (CRIAT), cuya construcci\u00f3n y equipamiento representan m\u00e1s de 631 millones de pesos.<\/p>\n<p style=\"text-align: justify;\">El CRIAT constituye adem\u00e1s un modelo particular a nivel nacional, al ser el primer centro bajo el modelo Telet\u00f3n construido, equipado y operado completamente con recursos de un gobierno estatal, mientras Fundaci\u00f3n Telet\u00f3n aporta su experiencia y modelo especializado de atenci\u00f3n.<br \/>\nA esta infraestructura se suman cerca de 64 millones de pesos destinados a la construcci\u00f3n y equipamiento del Centro de Capacitaci\u00f3n para Personas con Discapacidad, concebido para desarrollar habilidades, ampliar oportunidades de autonom\u00eda y favorecer su incorporaci\u00f3n a actividades productivas.<\/p>\n<p style=\"text-align: justify;\">La estrategia tambi\u00e9n fortaleci\u00f3 la protecci\u00f3n econ\u00f3mica de este sector. Tlaxcala destin\u00f3 m\u00e1s de 428 millones de pesos de recursos estatales para ampliar la cobertura de la Pensi\u00f3n para el Bienestar de las Personas con Discapacidad, como parte del esquema de universalizaci\u00f3n implementado en coordinaci\u00f3n con el Gobierno de M\u00e9xico.<\/p>\n<p style=\"text-align: justify;\">De esta manera, la atenci\u00f3n a la discapacidad pas\u00f3 de concentrarse principalmente en apoyos espec\u00edficos a consolidar una pol\u00edtica con distintos componentes de acompa\u00f1amiento, desde el ingreso econ\u00f3mico hasta la rehabilitaci\u00f3n especializada y la formaci\u00f3n para una vida con mayor independencia.<\/p>\n<p style=\"text-align: justify;\">Para Cu\u00e9llar Cisneros, esta pol\u00edtica tiene adem\u00e1s un origen personal y profesional. La gobernadora ha explicado que su inter\u00e9s por las personas con discapacidad surgi\u00f3 de su formaci\u00f3n en educaci\u00f3n especial y del contacto directo con ni\u00f1as, ni\u00f1os y familias que enfrentaban dificultades para acceder a terapias, pr\u00f3tesis, sillas de ruedas, auxiliares auditivos y otros apoyos indispensables.<\/p>\n<p style=\"text-align: justify;\">La trayectoria de Cu\u00e9llar Cisneros en este \u00e1mbito se remonta a 1979. Es licenciada en Educaci\u00f3n Especial y fue directora de la Escuela de Educaci\u00f3n Especial n\u00famero 1 de Tlaxcala, experiencia que d\u00e9cadas despu\u00e9s encontr\u00f3 una nueva dimensi\u00f3n desde el servicio p\u00fablico.<\/p>\n<p style=\"text-align: justify;\">Con infraestructura especializada, pensiones, rehabilitaci\u00f3n, capacitaci\u00f3n y ayudas funcionales, aquella vocaci\u00f3n profesional se convirti\u00f3 en una pol\u00edtica p\u00fablica respaldada por m\u00e1s de mil 209 millones de pesos, destinada a ampliar las oportunidades de autonom\u00eda, inclusi\u00f3n y calidad de vida de las personas con discapacidad y sus familias.<\/p>\n<p>&nbsp;<\/p>\n<p><img loading=\"lazy\" decoding=\"async\" class=\"aligncenter wp-image-79046 size-large\" src=\"https:\/\/labestiapolitica.com.mx\/wp-content\/uploads\/2026\/07\/AJ-uni-819x1024.jpeg\" alt=\"\" width=\"640\" height=\"800\" srcset=\"https:\/\/labestiapolitica.com.mx\/wp-content\/uploads\/2026\/07\/AJ-uni-819x1024.jpeg 819w, https:\/\/labestiapolitica.com.mx\/wp-content\/uploads\/2026\/07\/AJ-uni-240x300.jpeg 240w, https:\/\/labestiapolitica.com.mx\/wp-content\/uploads\/2026\/07\/AJ-uni-768x960.jpeg 768w, https:\/\/labestiapolitica.com.mx\/wp-content\/uploads\/2026\/07\/AJ-uni.jpeg 1080w\" sizes=\"auto, (max-width: 640px) 100vw, 640px\" \/><\/p>\n","protected":false},"excerpt":{"rendered":"<p>Entre 2022 y 2026, la administraci\u00f3n estatal destin\u00f3 m\u00e1s de mil 209 millones de pesos a personas con discapacidad, frente a 57.5 millones ejercidos entre 2017 y 2021; la pol\u00edtica tiene ra\u00edces en la trayectoria de la gobernadora como maestra de educaci\u00f3n especial. Mucho antes de ser gobernadora, Lorena Cu\u00e9llar Cisneros fue maestra de ni\u00f1as [&hellip;]<\/p>\n","protected":false},"author":5,"featured_media":84070,"comment_status":"open","ping_status":"open","sticky":false,"template":"","format":"standard","meta":{"footnotes":""},"categories":[236],"tags":[],"class_list":["post-84069","post","type-post","status-publish","format-standard","has-post-thumbnail","hentry","category-gobierno-de-tlaxcala"],"amp_enabled":true,"_links":{"self":[{"href":"https:\/\/labestiapolitica.com.mx\/index.php?rest_route=\/wp\/v2\/posts\/84069","targetHints":{"allow":["GET"]}}],"collection":[{"href":"https:\/\/labestiapolitica.com.mx\/index.php?rest_route=\/wp\/v2\/posts"}],"about":[{"href":"https:\/\/labestiapolitica.com.mx\/index.php?rest_route=\/wp\/v2\/types\/post"}],"author":[{"embeddable":true,"href":"https:\/\/labestiapolitica.com.mx\/index.php?rest_route=\/wp\/v2\/users\/5"}],"replies":[{"embeddable":true,"href":"https:\/\/labestiapolitica.com.mx\/index.php?rest_route=%2Fwp%2Fv2%2Fcomments&post=84069"}],"version-history":[{"count":1,"href":"https:\/\/labestiapolitica.com.mx\/index.php?rest_route=\/wp\/v2\/posts\/84069\/revisions"}],"predecessor-version":[{"id":84071,"href":"https:\/\/labestiapolitica.com.mx\/index.php?rest_route=\/wp\/v2\/posts\/84069\/revisions\/84071"}],"wp:featuredmedia":[{"embeddable":true,"href":"https:\/\/labestiapolitica.com.mx\/index.php?rest_route=\/wp\/v2\/media\/84070"}],"wp:attachment":[{"href":"https:\/\/labestiapolitica.com.mx\/index.php?rest_route=%2Fwp%2Fv2%2Fmedia&parent=84069"}],"wp:term":[{"taxonomy":"category","embeddable":true,"href":"https:\/\/labestiapolitica.com.mx\/index.php?rest_route=%2Fwp%2Fv2%2Fcategories&post=84069"},{"taxonomy":"post_tag","embeddable":true,"href":"https:\/\/labestiapolitica.com.mx\/index.php?rest_route=%2Fwp%2Fv2%2Ftags&post=84069"}],"curies":[{"name":"wp","href":"https:\/\/api.w.org\/{rel}","templated":true}]}}