{"id":84072,"date":"2026-08-31T16:08:50","date_gmt":"2026-08-31T22:08:50","guid":{"rendered":"https:\/\/labestiapolitica.com.mx\/?p=84072"},"modified":"2026-08-31T16:08:59","modified_gmt":"2026-08-31T22:08:59","slug":"tlaxcala-inicia-el-ciclo-escolar-2026-2027-con-mas-oportunidades-educativas","status":"publish","type":"post","link":"https:\/\/labestiapolitica.com.mx\/?p=84072","title":{"rendered":"Tlaxcala inicia el ciclo escolar 2026-2027 con m\u00e1s oportunidades educativas."},"content":{"rendered":"<ul>\n<li style=\"text-align: justify;\">La gobernadora Lorena Cu\u00e9llar Cisneros inaugur\u00f3 oficialmente el nuevo periodo escolar y encabez\u00f3 la entrega de la techumbre de la Secundaria T\u00e9cnica No. 36<\/li>\n<\/ul>\n<p style=\"text-align: justify;\">Con un llamado a ni\u00f1as, ni\u00f1os y j\u00f3venes a construir sus sue\u00f1os y aprovechar las oportunidades que brinda la educaci\u00f3n, la gobernadora Lorena Cu\u00e9llar Cisneros encabez\u00f3 la inauguraci\u00f3n del ciclo escolar 2026-2027 en la Escuela Secundaria T\u00e9cnica No. 36 \u201cIngeniero Guillermo Gonz\u00e1lez Camarena\u201d, donde afirm\u00f3 que la formaci\u00f3n acad\u00e9mica permite a las nuevas generaciones definir y alcanzar sus propios proyectos de vida.<\/p>\n<p style=\"text-align: justify;\">Expres\u00f3 su deseo de que el nuevo ciclo represente una etapa de crecimiento y aprendizaje para la comunidad estudiantil, al recordar que desde las aulas se construyen los sue\u00f1os y proyectos de vida, \u201cyo deseo que ustedes vayan formando cada d\u00eda en su coraz\u00f3n esos sue\u00f1os para ser grandes y lograr sus sue\u00f1os\u00bb.<\/p>\n<p style=\"text-align: justify;\">Cu\u00e9llar Cisneros record\u00f3 su experiencia como docente de ni\u00f1as y ni\u00f1os con discapacidad visual y auditiva, y subray\u00f3 que cada estudiante tiene la capacidad de elegir su propio camino, alcanzar sus metas mediante el esfuerzo y la perseverancia. \u201cCada uno en nuestra vida va eligiendo su destino, lo que uno quiere hacer cuando uno sea grande\u201d, se\u00f1al\u00f3.<\/p>\n<p style=\"text-align: justify;\">Durante el acto protocolario, tambi\u00e9n cort\u00f3 el list\u00f3n inaugural por la entrega de la techumbre del plantel, obra que brindar\u00e1 mejores condiciones para el desarrollo de las actividades acad\u00e9micas, deportivas y de convivencia de la comunidad escolar.<\/p>\n<p style=\"text-align: justify;\">En su intervenci\u00f3n, el secretario de Educaci\u00f3n P\u00fablica del Estados, Jos\u00e9 Alonso Trujillo Dom\u00ednguez, destac\u00f3 el papel fundamental que desempe\u00f1an las familias en la formaci\u00f3n de las ni\u00f1as, ni\u00f1os y adolescentes, al se\u00f1alar que el regreso a clases comienza desde los hogares, donde madres, padres y tutores preparan todo lo necesario para que sus hijas e hijos inicien una nueva etapa.<\/p>\n<p style=\"text-align: justify;\">Record\u00f3 que este lunes regresaron a las aulas 257 mil 639 alumnas y alumnos, atendidos por 15 mil 46 docentes en 2 mil 250 escuelas de educaci\u00f3n b\u00e1sica en la entidad, y llam\u00f3 a fortalecer la corresponsabilidad entre sociedad, gobierno, escuelas y familias.<\/p>\n<p style=\"text-align: justify;\">Trujillo Dom\u00ednguez refiri\u00f3 que \u201clas y los tlaxcaltecas somos una gran familia y por eso convoco a la comunidad a cuidarse mutuamente durante este nuevo periodo escolar, junto con la gobernadora escribamos juntos una nueva historia de \u00e9xito y superaci\u00f3n como la gran familia tlaxcalteca que somos\u201d.<\/p>\n<p style=\"text-align: justify;\">La directora de la instituci\u00f3n, Ivonne P\u00e9rez Castillo, agradeci\u00f3 a la gobernadora la gesti\u00f3n que hizo posible la techumbre y resalt\u00f3 que el inicio del ciclo escolar 2026-2027 representa una oportunidad para refrendar el compromiso con una educaci\u00f3n humanista, inclusiva, equitativa e intercultural.<\/p>\n<p style=\"text-align: justify;\">Como parte de la ceremonia, autoridades estatales realizaron la entrega simb\u00f3lica de \u00fatiles escolares y libros de texto gratuitos a Lucero Rodr\u00edguez Herrera y Farid Samuel Mendieta Bautista, del jard\u00edn de ni\u00f1os \u201cOcotl\u00e1n\u201d; Aar\u00f3n M\u00e1ximo Rojas P\u00e9rez y Ximena Jos\u00e9 Hern\u00e1ndez, de la primaria \u201cBenito Ju\u00e1rez\u201d; Geraldine Cruz S\u00e1nchez y \u00c1ngel Gabriel Hern\u00e1ndez Torres, de la telesecundaria \u201cDesiderio Hern\u00e1ndez Xochitiotzin\u201d; Axel Daniel Rodr\u00edguez Alameda y Adriana Bonilla Huerta, de la Secundaria T\u00e9cnica No. 36 \u201cGuillermo Gonz\u00e1lez Camarena\u201d, as\u00ed como a Dulce Evelyn Dur\u00e1n Molina y Gabriel Said Becerra Guti\u00e9rrez, de la Escuela Secundaria \u201cHiginio Paredes Ramos\u201d.<\/p>\n<p>&nbsp;<\/p>\n<p><img loading=\"lazy\" decoding=\"async\" class=\"aligncenter wp-image-79046 size-large\" src=\"https:\/\/labestiapolitica.com.mx\/wp-content\/uploads\/2026\/07\/AJ-uni-819x1024.jpeg\" alt=\"\" width=\"640\" height=\"800\" srcset=\"https:\/\/labestiapolitica.com.mx\/wp-content\/uploads\/2026\/07\/AJ-uni-819x1024.jpeg 819w, https:\/\/labestiapolitica.com.mx\/wp-content\/uploads\/2026\/07\/AJ-uni-240x300.jpeg 240w, https:\/\/labestiapolitica.com.mx\/wp-content\/uploads\/2026\/07\/AJ-uni-768x960.jpeg 768w, https:\/\/labestiapolitica.com.mx\/wp-content\/uploads\/2026\/07\/AJ-uni.jpeg 1080w\" sizes=\"auto, (max-width: 640px) 100vw, 640px\" \/><\/p>\n","protected":false},"excerpt":{"rendered":"<p>La gobernadora Lorena Cu\u00e9llar Cisneros inaugur\u00f3 oficialmente el nuevo periodo escolar y encabez\u00f3 la entrega de la techumbre de la Secundaria T\u00e9cnica No. 36 Con un llamado a ni\u00f1as, ni\u00f1os y j\u00f3venes a construir sus sue\u00f1os y aprovechar las oportunidades que brinda la educaci\u00f3n, la gobernadora Lorena Cu\u00e9llar Cisneros encabez\u00f3 la inauguraci\u00f3n del ciclo escolar [&hellip;]<\/p>\n","protected":false},"author":5,"featured_media":84073,"comment_status":"open","ping_status":"open","sticky":false,"template":"","format":"standard","meta":{"footnotes":""},"categories":[213,236],"tags":[],"class_list":["post-84072","post","type-post","status-publish","format-standard","has-post-thumbnail","hentry","category-educacion","category-gobierno-de-tlaxcala"],"amp_enabled":true,"_links":{"self":[{"href":"https:\/\/labestiapolitica.com.mx\/index.php?rest_route=\/wp\/v2\/posts\/84072","targetHints":{"allow":["GET"]}}],"collection":[{"href":"https:\/\/labestiapolitica.com.mx\/index.php?rest_route=\/wp\/v2\/posts"}],"about":[{"href":"https:\/\/labestiapolitica.com.mx\/index.php?rest_route=\/wp\/v2\/types\/post"}],"author":[{"embeddable":true,"href":"https:\/\/labestiapolitica.com.mx\/index.php?rest_route=\/wp\/v2\/users\/5"}],"replies":[{"embeddable":true,"href":"https:\/\/labestiapolitica.com.mx\/index.php?rest_route=%2Fwp%2Fv2%2Fcomments&post=84072"}],"version-history":[{"count":1,"href":"https:\/\/labestiapolitica.com.mx\/index.php?rest_route=\/wp\/v2\/posts\/84072\/revisions"}],"predecessor-version":[{"id":84074,"href":"https:\/\/labestiapolitica.com.mx\/index.php?rest_route=\/wp\/v2\/posts\/84072\/revisions\/84074"}],"wp:featuredmedia":[{"embeddable":true,"href":"https:\/\/labestiapolitica.com.mx\/index.php?rest_route=\/wp\/v2\/media\/84073"}],"wp:attachment":[{"href":"https:\/\/labestiapolitica.com.mx\/index.php?rest_route=%2Fwp%2Fv2%2Fmedia&parent=84072"}],"wp:term":[{"taxonomy":"category","embeddable":true,"href":"https:\/\/labestiapolitica.com.mx\/index.php?rest_route=%2Fwp%2Fv2%2Fcategories&post=84072"},{"taxonomy":"post_tag","embeddable":true,"href":"https:\/\/labestiapolitica.com.mx\/index.php?rest_route=%2Fwp%2Fv2%2Ftags&post=84072"}],"curies":[{"name":"wp","href":"https:\/\/api.w.org\/{rel}","templated":true}]}}