{"id":84075,"date":"2026-08-31T16:11:04","date_gmt":"2026-08-31T22:11:04","guid":{"rendered":"https:\/\/labestiapolitica.com.mx\/?p=84075"},"modified":"2026-08-31T16:11:04","modified_gmt":"2026-08-31T22:11:04","slug":"gobernadora-encabeza-fijacion-del-bando-solemne-de-fiestas-patrias","status":"publish","type":"post","link":"https:\/\/labestiapolitica.com.mx\/?p=84075","title":{"rendered":"Gobernadora encabeza fijaci\u00f3n del bando solemne de fiestas patrias."},"content":{"rendered":"<ul>\n<li style=\"text-align: justify;\">El secretario de Gobierno, Luis Antonio Ram\u00edrez Hern\u00e1ndez, expres\u00f3 el respaldo de Tlaxcala a la presidenta Claudia Sheinbaum en la defensa de la soberan\u00eda nacional y sostuvo que la relaci\u00f3n de M\u00e9xico con otras naciones debe regirse por el principio de \u201ccoordinaci\u00f3n s\u00ed, subordinaci\u00f3n nunca\u201d.<\/li>\n<\/ul>\n<p style=\"text-align: justify;\">La gobernadora Lorena Cu\u00e9llar Cisneros encabez\u00f3 la fijaci\u00f3n del Bando Solemne de Fiestas Patrias, acto con el que Tlaxcala inici\u00f3 formalmente las conmemoraciones de septiembre y refrend\u00f3 su compromiso con la soberan\u00eda nacional, la unidad del pa\u00eds y el fortalecimiento de sus instituciones.<\/p>\n<p style=\"text-align: justify;\">En el patio central de Palacio de Gobierno, el titular de la Secretar\u00eda de Gobierno (SEGOB), Luis Antonio Ram\u00edrez Hern\u00e1ndez, afirm\u00f3 que Tlaxcala asume la responsabilidad de contribuir a un M\u00e9xico m\u00e1s fuerte y unido mediante instituciones firmes, gobiernos responsables, la construcci\u00f3n de acuerdos y la defensa del inter\u00e9s colectivo.<\/p>\n<p style=\"text-align: justify;\">Sostuvo que el Gobierno del Estado, encabezado por Lorena Cu\u00e9llar, mantendr\u00e1 este compromiso hasta el \u00faltimo d\u00eda de la administraci\u00f3n, con instituciones que respondan al inter\u00e9s de la sociedad y una pol\u00edtica orientada a la construcci\u00f3n de acuerdos.<\/p>\n<p style=\"text-align: justify;\">\u201cNuestra tarea es contribuir desde Tlaxcala a un M\u00e9xico m\u00e1s fuerte, construir acuerdos y procurar que las instituciones respondan al inter\u00e9s de la sociedad. Un Tlaxcala unido fortalece a M\u00e9xico\u201d, enfatiz\u00f3.<\/p>\n<p style=\"text-align: justify;\">En ese marco, Ram\u00edrez Hern\u00e1ndez expres\u00f3 el respaldo de la administraci\u00f3n estatal a la presidenta Claudia Sheinbaum Pardo en la defensa de la soberan\u00eda nacional, ante un escenario internacional en el que M\u00e9xico, se\u00f1al\u00f3, mantiene una pol\u00edtica de di\u00e1logo, cooperaci\u00f3n y construcci\u00f3n de acuerdos, sin renunciar a la defensa de su territorio, su independencia y las decisiones soberanas de su pueblo.<\/p>\n<p style=\"text-align: justify;\">El titular de la SEGOB sostuvo que la relaci\u00f3n de M\u00e9xico con sus vecinos y con el resto del mundo debe mantenerse bajo una premisa fundamental: \u201ccoordinaci\u00f3n s\u00ed, subordinaci\u00f3n nunca\u201d, y afirm\u00f3 que la defensa de la soberan\u00eda constituye una causa nacional en la que Tlaxcala est\u00e1 presente.<\/p>\n<p style=\"text-align: justify;\">En su mensaje, explic\u00f3 que la colocaci\u00f3n de los bandos solemnes representa m\u00e1s que el anuncio de un calendario de actividades, pues constituye una convocatoria p\u00fablica para recordar el origen de la naci\u00f3n y renovar el compromiso con los principios de independencia y soberan\u00eda.<\/p>\n<p style=\"text-align: justify;\">Ram\u00edrez Hern\u00e1ndez indic\u00f3 que la Independencia signific\u00f3 asumir la responsabilidad de construir una naci\u00f3n capaz de gobernarse a s\u00ed misma y sostuvo que, en el presente, defender la soberan\u00eda implica garantizar el derecho de las y los mexicanos a decidir su destino, proteger el territorio y la Constituci\u00f3n, as\u00ed como fortalecer las instituciones democr\u00e1ticas.<\/p>\n<p style=\"text-align: justify;\">Luis Antonio Ram\u00edrez Hern\u00e1ndez record\u00f3 que Tlaxcala mantiene una historia estrechamente vinculada con la defensa de su autonom\u00eda y destac\u00f3 que en 1856 alcanz\u00f3 el reconocimiento formal como estado libre y soberano de la Federaci\u00f3n, adem\u00e1s de participar desde sus comunidades y pueblos en distintas etapas de la construcci\u00f3n nacional.<\/p>\n<p style=\"text-align: justify;\">Asimismo, se\u00f1al\u00f3 que la conmemoraci\u00f3n coincide con los cinco a\u00f1os del inicio de la administraci\u00f3n de la gobernadora Lorena Cu\u00e9llar, periodo en el que, afirm\u00f3, se ha consolidado en la entidad el proyecto de la Cuarta Transformaci\u00f3n mediante la coordinaci\u00f3n entre poderes, municipios, instituciones y sociedad.<\/p>\n<p style=\"text-align: justify;\">Ante desaf\u00edos contempor\u00e1neos como la delincuencia, la desigualdad, la desinformaci\u00f3n, la polarizaci\u00f3n y los intereses econ\u00f3micos transnacionales, destac\u00f3 la necesidad de contar con instituciones s\u00f3lidas, gobiernos responsables y una sociedad cohesionada.<\/p>\n<p style=\"text-align: justify;\">Precis\u00f3 que la unidad nacional no significa pensar de la misma manera ni cancelar las diferencias propias de una democracia, sino reconocer principios compartidos por encima de ellas, entre los que mencion\u00f3 la libertad, la democracia, la soberan\u00eda y la defensa de M\u00e9xico.<\/p>\n<p style=\"text-align: justify;\">Ram\u00edrez Hern\u00e1ndez agreg\u00f3 que honrar las luchas hist\u00f3ricas que hicieron posible la libertad implica ejercerla con responsabilidad, cumplir la ley y trabajar todos los d\u00edas por la construcci\u00f3n de paz en las comunidades.<\/p>\n<p style=\"text-align: justify;\">Como parte de la ceremonia, la gobernadora Lorena Cu\u00e9llar, acompa\u00f1ada por el secretario de Educaci\u00f3n, Jos\u00e9 Alonso Trujillo Dom\u00ednguez, realiz\u00f3 la colocaci\u00f3n del Bando Solemne que establece el programa oficial de actividades c\u00edvicas de septiembre.<\/p>\n<p style=\"text-align: justify;\">Posteriormente, la oficial mayor de Gobierno, Er\u00e9ndira Berenice Garay Salas, dio lectura al Bando Solemne de Fiestas Patrias, que contempla entre sus actos centrales la ceremonia del Grito de Independencia, el desfile c\u00edvico conmemorativo por el 216 aniversario del inicio de la lucha independentista y la entrega del Fuego Simb\u00f3lico de la Independencia a los ayuntamientos.<\/p>\n<p style=\"text-align: justify;\">El programa incluye adem\u00e1s el encendido de la iluminaci\u00f3n alusiva a las fiestas patrias; las ceremonias de izamiento y arreamiento de bandera del 1 al 30 de septiembre con participaci\u00f3n de los municipios; as\u00ed como los actos conmemorativos por la Consumaci\u00f3n de la Independencia y el natalicio de Jos\u00e9 Mar\u00eda Morelos y Pav\u00f3n.<\/p>\n<p style=\"text-align: justify;\">Al acto asistieron el general de brigada de Estado Mayor Jos\u00e9 Mario Vega Hern\u00e1ndez, comandante de la 23 Zona Militar; Fanny Margarita Amador Montes, presidenta del Tribunal Superior de Justicia del Estado; Emilio de la Pe\u00f1a Aponte, presidente de la Mesa Directiva del Congreso del Estado; y Carlos L\u00f3pez Su\u00e1rez, presidente municipal de Tlaxcala, adem\u00e1s de diputadas y diputados, magistradas y magistrados, as\u00ed como funcionarias y funcionarios de los distintos \u00f3rdenes de gobierno.<\/p>\n<p>&nbsp;<\/p>\n<p><img loading=\"lazy\" decoding=\"async\" class=\"aligncenter wp-image-79046 size-large\" src=\"https:\/\/labestiapolitica.com.mx\/wp-content\/uploads\/2026\/07\/AJ-uni-819x1024.jpeg\" alt=\"\" width=\"640\" height=\"800\" srcset=\"https:\/\/labestiapolitica.com.mx\/wp-content\/uploads\/2026\/07\/AJ-uni-819x1024.jpeg 819w, https:\/\/labestiapolitica.com.mx\/wp-content\/uploads\/2026\/07\/AJ-uni-240x300.jpeg 240w, https:\/\/labestiapolitica.com.mx\/wp-content\/uploads\/2026\/07\/AJ-uni-768x960.jpeg 768w, https:\/\/labestiapolitica.com.mx\/wp-content\/uploads\/2026\/07\/AJ-uni.jpeg 1080w\" sizes=\"auto, (max-width: 640px) 100vw, 640px\" \/><\/p>\n","protected":false},"excerpt":{"rendered":"<p>El secretario de Gobierno, Luis Antonio Ram\u00edrez Hern\u00e1ndez, expres\u00f3 el respaldo de Tlaxcala a la presidenta Claudia Sheinbaum en la defensa de la soberan\u00eda nacional y sostuvo que la relaci\u00f3n de M\u00e9xico con otras naciones debe regirse por el principio de \u201ccoordinaci\u00f3n s\u00ed, subordinaci\u00f3n nunca\u201d. La gobernadora Lorena Cu\u00e9llar Cisneros encabez\u00f3 la fijaci\u00f3n del Bando [&hellip;]<\/p>\n","protected":false},"author":5,"featured_media":84076,"comment_status":"open","ping_status":"open","sticky":false,"template":"","format":"standard","meta":{"footnotes":""},"categories":[236],"tags":[],"class_list":["post-84075","post","type-post","status-publish","format-standard","has-post-thumbnail","hentry","category-gobierno-de-tlaxcala"],"amp_enabled":true,"_links":{"self":[{"href":"https:\/\/labestiapolitica.com.mx\/index.php?rest_route=\/wp\/v2\/posts\/84075","targetHints":{"allow":["GET"]}}],"collection":[{"href":"https:\/\/labestiapolitica.com.mx\/index.php?rest_route=\/wp\/v2\/posts"}],"about":[{"href":"https:\/\/labestiapolitica.com.mx\/index.php?rest_route=\/wp\/v2\/types\/post"}],"author":[{"embeddable":true,"href":"https:\/\/labestiapolitica.com.mx\/index.php?rest_route=\/wp\/v2\/users\/5"}],"replies":[{"embeddable":true,"href":"https:\/\/labestiapolitica.com.mx\/index.php?rest_route=%2Fwp%2Fv2%2Fcomments&post=84075"}],"version-history":[{"count":1,"href":"https:\/\/labestiapolitica.com.mx\/index.php?rest_route=\/wp\/v2\/posts\/84075\/revisions"}],"predecessor-version":[{"id":84077,"href":"https:\/\/labestiapolitica.com.mx\/index.php?rest_route=\/wp\/v2\/posts\/84075\/revisions\/84077"}],"wp:featuredmedia":[{"embeddable":true,"href":"https:\/\/labestiapolitica.com.mx\/index.php?rest_route=\/wp\/v2\/media\/84076"}],"wp:attachment":[{"href":"https:\/\/labestiapolitica.com.mx\/index.php?rest_route=%2Fwp%2Fv2%2Fmedia&parent=84075"}],"wp:term":[{"taxonomy":"category","embeddable":true,"href":"https:\/\/labestiapolitica.com.mx\/index.php?rest_route=%2Fwp%2Fv2%2Fcategories&post=84075"},{"taxonomy":"post_tag","embeddable":true,"href":"https:\/\/labestiapolitica.com.mx\/index.php?rest_route=%2Fwp%2Fv2%2Ftags&post=84075"}],"curies":[{"name":"wp","href":"https:\/\/api.w.org\/{rel}","templated":true}]}}