{"id":84078,"date":"2026-08-31T16:12:15","date_gmt":"2026-08-31T22:12:15","guid":{"rendered":"https:\/\/labestiapolitica.com.mx\/?p=84078"},"modified":"2026-08-31T16:12:15","modified_gmt":"2026-08-31T22:12:15","slug":"buscara-congreso-unir-esfuerzos-con-puebla-para-regular-canones-antigranizo","status":"publish","type":"post","link":"https:\/\/labestiapolitica.com.mx\/?p=84078","title":{"rendered":"Buscar\u00e1 Congreso unir esfuerzos con Puebla para regular ca\u00f1ones antigranizo."},"content":{"rendered":"<p style=\"text-align: justify;\"><em><strong>Demian M\u00e1rquez<\/strong><\/em> | El diputado local Emilio de la Pe\u00f1a Aponte inform\u00f3 que campesinos de la zona oriente de Tlaxcala han solicitado la intervenci\u00f3n de las autoridades ante las presuntas afectaciones relacionadas con el uso de bombas para modificar ciclos hidrol\u00f3gicos en la regi\u00f3n.<\/p>\n<p style=\"text-align: justify;\">El legislador se\u00f1al\u00f3 que ya se han realizado reuniones con productores y representantes de las autoridades ambientales de Tlaxcala, con el objetivo de revisar la problem\u00e1tica y buscar alternativas que permitan atender las inquietudes del sector agr\u00edcola.<\/p>\n<p style=\"text-align: justify;\">De la Pe\u00f1a Aponte explic\u00f3 que uno de los principales obst\u00e1culos es la competencia territorial, pues aunque en Tlaxcala existen disposiciones que proh\u00edben la alteraci\u00f3n de los ciclos hidrol\u00f3gicos, las autoridades estatales no tienen facultades para intervenir directamente en territorio poblano.<\/p>\n<p style=\"text-align: justify;\">Ante esta situaci\u00f3n, adelant\u00f3 que se busca establecer una coordinaci\u00f3n con el Congreso del Estado de Puebla para abordar el problema de manera conjunta y determinar qu\u00e9 acciones pueden emprenderse en ambos estados.<\/p>\n<p style=\"text-align: justify;\">El diputado consider\u00f3 que la colaboraci\u00f3n entre instituciones de Tlaxcala y Puebla ser\u00e1 fundamental para encontrar una soluci\u00f3n y atender las demandas de los campesinos que, dijo, han manifestado preocupaci\u00f3n por las consecuencias que esta situaci\u00f3n podr\u00eda generar en sus actividades productivas.<\/p>\n<p>&nbsp;<\/p>\n<p>&nbsp;<\/p>\n","protected":false},"excerpt":{"rendered":"<p>Demian M\u00e1rquez | El diputado local Emilio de la Pe\u00f1a Aponte inform\u00f3 que campesinos de la zona oriente de Tlaxcala han solicitado la intervenci\u00f3n de las autoridades ante las presuntas afectaciones relacionadas con el uso de bombas para modificar ciclos hidrol\u00f3gicos en la regi\u00f3n. El legislador se\u00f1al\u00f3 que ya se han realizado reuniones con productores [&hellip;]<\/p>\n","protected":false},"author":5,"featured_media":84079,"comment_status":"open","ping_status":"open","sticky":false,"template":"","format":"standard","meta":{"footnotes":""},"categories":[3,7],"tags":[],"class_list":["post-84078","post","type-post","status-publish","format-standard","has-post-thumbnail","hentry","category-8-columnas","category-ciudadanos"],"amp_enabled":true,"_links":{"self":[{"href":"https:\/\/labestiapolitica.com.mx\/index.php?rest_route=\/wp\/v2\/posts\/84078","targetHints":{"allow":["GET"]}}],"collection":[{"href":"https:\/\/labestiapolitica.com.mx\/index.php?rest_route=\/wp\/v2\/posts"}],"about":[{"href":"https:\/\/labestiapolitica.com.mx\/index.php?rest_route=\/wp\/v2\/types\/post"}],"author":[{"embeddable":true,"href":"https:\/\/labestiapolitica.com.mx\/index.php?rest_route=\/wp\/v2\/users\/5"}],"replies":[{"embeddable":true,"href":"https:\/\/labestiapolitica.com.mx\/index.php?rest_route=%2Fwp%2Fv2%2Fcomments&post=84078"}],"version-history":[{"count":1,"href":"https:\/\/labestiapolitica.com.mx\/index.php?rest_route=\/wp\/v2\/posts\/84078\/revisions"}],"predecessor-version":[{"id":84080,"href":"https:\/\/labestiapolitica.com.mx\/index.php?rest_route=\/wp\/v2\/posts\/84078\/revisions\/84080"}],"wp:featuredmedia":[{"embeddable":true,"href":"https:\/\/labestiapolitica.com.mx\/index.php?rest_route=\/wp\/v2\/media\/84079"}],"wp:attachment":[{"href":"https:\/\/labestiapolitica.com.mx\/index.php?rest_route=%2Fwp%2Fv2%2Fmedia&parent=84078"}],"wp:term":[{"taxonomy":"category","embeddable":true,"href":"https:\/\/labestiapolitica.com.mx\/index.php?rest_route=%2Fwp%2Fv2%2Fcategories&post=84078"},{"taxonomy":"post_tag","embeddable":true,"href":"https:\/\/labestiapolitica.com.mx\/index.php?rest_route=%2Fwp%2Fv2%2Ftags&post=84078"}],"curies":[{"name":"wp","href":"https:\/\/api.w.org\/{rel}","templated":true}]}}