{"id":84084,"date":"2026-08-31T16:25:41","date_gmt":"2026-08-31T22:25:41","guid":{"rendered":"https:\/\/labestiapolitica.com.mx\/?p=84084"},"modified":"2026-08-31T16:25:41","modified_gmt":"2026-08-31T22:25:41","slug":"apizaco-rendira-homenaje-al-campeon-mundial-miguel-angel-el-mago-gonzalez-con-torneo-de-boxeo-con-causa","status":"publish","type":"post","link":"https:\/\/labestiapolitica.com.mx\/?p=84084","title":{"rendered":"Apizaco rendir\u00e1 homenaje al campe\u00f3n mundial Miguel \u00c1ngel \u201cEl Mago\u201d Gonz\u00e1lez con torneo de boxeo con causa."},"content":{"rendered":"<p style=\"text-align: justify;\"><em><strong>Eilsel Mart\u00ednez<\/strong> <\/em>| Con el objetivo de reconocer la trayectoria de uno de los grandes referentes del boxeo tlaxcalteca y, al mismo tiempo, impulsar el talento de las nuevas generaciones, se llevar\u00e1 a cabo el Primer Torneo Miguel \u00c1ngel \u201cEl Mago\u201d Gonz\u00e1lez, en homenaje a la trayectoria del campe\u00f3n mundial.<\/p>\n<p style=\"text-align: justify;\">El evento, que tendr\u00e1 car\u00e1cter altruista y sin fines de lucro, se realizar\u00e1 el pr\u00f3ximo 12 de septiembre a las 17:00 horas, en el Auditorio Emilio S\u00e1nchez Piedras, donde se espera reunir a autoridades, representantes del deporte y j\u00f3venes boxeadores.<\/p>\n<p style=\"text-align: justify;\">Durante la presentaci\u00f3n estuvieron presentes el propio Miguel \u00c1ngel \u201cEl Mago\u201d Gonz\u00e1lez, as\u00ed como el presidente municipal Javier Rivera Bonilla; el secretario del Ayuntamiento, Juan Pablo Morales Rico; la maestra Adriana Cervantes, presidenta de la Asociaci\u00f3n de Boxeo del Estado de Tlaxcala; el maestro Sandro Haro, exol\u00edmpico de boxeo y representante de la escuela de boxeo Haro\u2019z; el maestro Jair M\u00e9ndez, presidente de Patrimonio Art\u00edstico A.C.; y el licenciado Rafael Lina, secretario de Patrimonio Art\u00edstico A.C.**<\/p>\n<p style=\"text-align: justify;\">Las autoridades destacaron la importancia de continuar promoviendo el deporte en Tlaxcala, particularmente entre ni\u00f1as, ni\u00f1os y j\u00f3venes, al considerar que este tipo de actividades no solamente fomentan la disciplina y la preparaci\u00f3n f\u00edsica, sino que tambi\u00e9n pueden convertirse en un camino para alcanzar grandes metas.<\/p>\n<p style=\"text-align: justify;\">En este sentido, se\u00f1alaron que el homenaje a \u201cEl Mago\u201d Gonz\u00e1lez busca tambi\u00e9n inspirar a las nuevas generaciones, demostrando que con esfuerzo, constancia y dedicaci\u00f3n es posible llegar a escenarios nacionales e internacionales y, por qu\u00e9 no, convertirse en futuros campeones mundiales.<\/p>\n<p style=\"text-align: justify;\">Como parte de la presentaci\u00f3n, tambi\u00e9n fueron dados a conocer algunos de los j\u00f3venes boxeadores que participar\u00e1n en el torneo, quienes tendr\u00e1n la oportunidad de demostrar su preparaci\u00f3n y talento sobre el ring.<\/p>\n<p style=\"text-align: justify;\">El Primer Torneo Miguel \u00c1ngel \u201cEl Mago\u201d Gonz\u00e1lez representa as\u00ed un encuentro entre la experiencia de un campe\u00f3n que dej\u00f3 huella en el boxeo y las nuevas generaciones que buscan construir su propio camino dentro de este deporte.<\/p>\n","protected":false},"excerpt":{"rendered":"<p>Eilsel Mart\u00ednez | Con el objetivo de reconocer la trayectoria de uno de los grandes referentes del boxeo tlaxcalteca y, al mismo tiempo, impulsar el talento de las nuevas generaciones, se llevar\u00e1 a cabo el Primer Torneo Miguel \u00c1ngel \u201cEl Mago\u201d Gonz\u00e1lez, en homenaje a la trayectoria del campe\u00f3n mundial. El evento, que tendr\u00e1 car\u00e1cter [&hellip;]<\/p>\n","protected":false},"author":5,"featured_media":84085,"comment_status":"open","ping_status":"open","sticky":false,"template":"","format":"standard","meta":{"footnotes":""},"categories":[3,226,216],"tags":[],"class_list":["post-84084","post","type-post","status-publish","format-standard","has-post-thumbnail","hentry","category-8-columnas","category-apizaco","category-municipios"],"amp_enabled":true,"_links":{"self":[{"href":"https:\/\/labestiapolitica.com.mx\/index.php?rest_route=\/wp\/v2\/posts\/84084","targetHints":{"allow":["GET"]}}],"collection":[{"href":"https:\/\/labestiapolitica.com.mx\/index.php?rest_route=\/wp\/v2\/posts"}],"about":[{"href":"https:\/\/labestiapolitica.com.mx\/index.php?rest_route=\/wp\/v2\/types\/post"}],"author":[{"embeddable":true,"href":"https:\/\/labestiapolitica.com.mx\/index.php?rest_route=\/wp\/v2\/users\/5"}],"replies":[{"embeddable":true,"href":"https:\/\/labestiapolitica.com.mx\/index.php?rest_route=%2Fwp%2Fv2%2Fcomments&post=84084"}],"version-history":[{"count":1,"href":"https:\/\/labestiapolitica.com.mx\/index.php?rest_route=\/wp\/v2\/posts\/84084\/revisions"}],"predecessor-version":[{"id":84086,"href":"https:\/\/labestiapolitica.com.mx\/index.php?rest_route=\/wp\/v2\/posts\/84084\/revisions\/84086"}],"wp:featuredmedia":[{"embeddable":true,"href":"https:\/\/labestiapolitica.com.mx\/index.php?rest_route=\/wp\/v2\/media\/84085"}],"wp:attachment":[{"href":"https:\/\/labestiapolitica.com.mx\/index.php?rest_route=%2Fwp%2Fv2%2Fmedia&parent=84084"}],"wp:term":[{"taxonomy":"category","embeddable":true,"href":"https:\/\/labestiapolitica.com.mx\/index.php?rest_route=%2Fwp%2Fv2%2Fcategories&post=84084"},{"taxonomy":"post_tag","embeddable":true,"href":"https:\/\/labestiapolitica.com.mx\/index.php?rest_route=%2Fwp%2Fv2%2Ftags&post=84084"}],"curies":[{"name":"wp","href":"https:\/\/api.w.org\/{rel}","templated":true}]}}