{"id":84087,"date":"2026-08-31T16:39:08","date_gmt":"2026-08-31T22:39:08","guid":{"rendered":"https:\/\/labestiapolitica.com.mx\/?p=84087"},"modified":"2026-08-31T16:39:15","modified_gmt":"2026-08-31T22:39:15","slug":"celebran-el-dia-de-los-abuelos-con-encuentro-de-convivencia-en-santa-rosa","status":"publish","type":"post","link":"https:\/\/labestiapolitica.com.mx\/?p=84087","title":{"rendered":"Celebran el D\u00eda de los Abuelos con encuentro de convivencia en Santa Rosa."},"content":{"rendered":"<p style=\"text-align: justify;\"><em><strong>Eilsel Mart\u00ednez<\/strong><\/em> | Con un ambiente de celebraci\u00f3n y convivencia, se llev\u00f3 a cabo un evento con motivo del D\u00eda de los Abuelos en el Gimnasio de Usos M\u00faltiples de Santa Rosa, donde autoridades y familias se reunieron para reconocer la importancia de los adultos mayores dentro de la sociedad.<\/p>\n<p style=\"text-align: justify;\">Durante el inicio de las actividades estuvieron presentes diversas autoridades, entre ellas el secretario del Ayuntamiento, la presidenta honor\u00edfica del Sistema DIF, as\u00ed como la presidenta de Santa Rosa, adem\u00e1s de representantes de la comunidad.<\/p>\n<p style=\"text-align: justify;\">En sus mensajes de bienvenida, las autoridades expresaron su afecto y reconocimiento hacia las y los abuelos, destacando el papel que desempe\u00f1an dentro de las familias y la sociedad, as\u00ed como la importancia de generar espacios donde puedan convivir, disfrutar y sentirse reconocidos.<\/p>\n<p style=\"text-align: justify;\">Asimismo, se\u00f1alaron que la celebraci\u00f3n no se limita \u00fanicamente a los adultos mayores, sino que busca reunir a las familias y reconocer a distintos sectores de la poblaci\u00f3n, incluyendo a ni\u00f1as y ni\u00f1os, estudiantes y madres de familia, entre otros.<\/p>\n<p style=\"text-align: justify;\">Durante el encuentro se invit\u00f3 a las y los asistentes a disfrutar de las actividades preparadas para la ocasi\u00f3n y a compartir un momento de convivencia, resaltando que este tipo de eventos permiten fortalecer los lazos entre las familias y la comunidad.<\/p>\n<p style=\"text-align: justify;\">La celebraci\u00f3n del D\u00eda de los Abuelos se convirti\u00f3 as\u00ed en un espacio para reconocer la experiencia, las historias y el legado que las personas mayores aportan a las nuevas generaciones, adem\u00e1s de fomentar la convivencia entre los diferentes integrantes de la comunidad.<\/p>\n","protected":false},"excerpt":{"rendered":"<p>Eilsel Mart\u00ednez | Con un ambiente de celebraci\u00f3n y convivencia, se llev\u00f3 a cabo un evento con motivo del D\u00eda de los Abuelos en el Gimnasio de Usos M\u00faltiples de Santa Rosa, donde autoridades y familias se reunieron para reconocer la importancia de los adultos mayores dentro de la sociedad. Durante el inicio de las [&hellip;]<\/p>\n","protected":false},"author":5,"featured_media":84091,"comment_status":"open","ping_status":"open","sticky":false,"template":"","format":"standard","meta":{"footnotes":""},"categories":[226,216],"tags":[],"class_list":["post-84087","post","type-post","status-publish","format-standard","has-post-thumbnail","hentry","category-apizaco","category-municipios"],"amp_enabled":true,"_links":{"self":[{"href":"https:\/\/labestiapolitica.com.mx\/index.php?rest_route=\/wp\/v2\/posts\/84087","targetHints":{"allow":["GET"]}}],"collection":[{"href":"https:\/\/labestiapolitica.com.mx\/index.php?rest_route=\/wp\/v2\/posts"}],"about":[{"href":"https:\/\/labestiapolitica.com.mx\/index.php?rest_route=\/wp\/v2\/types\/post"}],"author":[{"embeddable":true,"href":"https:\/\/labestiapolitica.com.mx\/index.php?rest_route=\/wp\/v2\/users\/5"}],"replies":[{"embeddable":true,"href":"https:\/\/labestiapolitica.com.mx\/index.php?rest_route=%2Fwp%2Fv2%2Fcomments&post=84087"}],"version-history":[{"count":1,"href":"https:\/\/labestiapolitica.com.mx\/index.php?rest_route=\/wp\/v2\/posts\/84087\/revisions"}],"predecessor-version":[{"id":84092,"href":"https:\/\/labestiapolitica.com.mx\/index.php?rest_route=\/wp\/v2\/posts\/84087\/revisions\/84092"}],"wp:featuredmedia":[{"embeddable":true,"href":"https:\/\/labestiapolitica.com.mx\/index.php?rest_route=\/wp\/v2\/media\/84091"}],"wp:attachment":[{"href":"https:\/\/labestiapolitica.com.mx\/index.php?rest_route=%2Fwp%2Fv2%2Fmedia&parent=84087"}],"wp:term":[{"taxonomy":"category","embeddable":true,"href":"https:\/\/labestiapolitica.com.mx\/index.php?rest_route=%2Fwp%2Fv2%2Fcategories&post=84087"},{"taxonomy":"post_tag","embeddable":true,"href":"https:\/\/labestiapolitica.com.mx\/index.php?rest_route=%2Fwp%2Fv2%2Ftags&post=84087"}],"curies":[{"name":"wp","href":"https:\/\/api.w.org\/{rel}","templated":true}]}}