{"id":84088,"date":"2026-08-31T16:32:20","date_gmt":"2026-08-31T22:32:20","guid":{"rendered":"https:\/\/labestiapolitica.com.mx\/?p=84088"},"modified":"2026-08-31T16:32:20","modified_gmt":"2026-08-31T22:32:20","slug":"y-mientras-tanto-tlaxcala-que-%f0%9f%a4%94%e2%98%95-conciencia-colectiva","status":"publish","type":"post","link":"https:\/\/labestiapolitica.com.mx\/?p=84088","title":{"rendered":"\u00bfY mientras tanto, Tlaxcala qu\u00e9? \ud83e\udd14\u2615 | Conciencia Colectiva"},"content":{"rendered":"<p>Bbcitos de luz incandescente yo tengo una pregunta genuina esta semana:<\/p>\n<p>\u00bfEn qu\u00e9 momento nuestra conversaci\u00f3n p\u00fablica se convirti\u00f3 casi exclusivamente en saber qui\u00e9n ser\u00e1 el pr\u00f3ximo coordinador de Morena? \ud83d\udc40<\/p>\n<p>Porque esta semana pas\u00f3 algo que, visto desde afuera, hasta parece broma. \ud83e\udee0<\/p>\n<p>Circul\u00f3 un supuesto calendario en el que se aseguraba que este s\u00e1bado 29 de agosto se conocer\u00eda qui\u00e9n encabezar\u00eda la Coordinaci\u00f3n Estatal de Defensa de la Transformaci\u00f3n y la Soberan\u00eda en Tlaxcala.<\/p>\n<p>Y claro\u2026<\/p>\n<p>\u00a1Se solt\u00f3 el avispero! \ud83d\udc1d\ud83d\ude02<\/p>\n<p>Que si era \u00e9l.<br \/>\nQue si era ella.<br \/>\nQue si ya estaba decidido.<br \/>\nQue si una encuesta.<br \/>\nQue si la otra encuesta.<br \/>\nQue si ya hab\u00eda ganado uno.<br \/>\nQue si ella llevaba ventaja.<\/p>\n<p>Y cuando ya medio Tlaxcala estaba haciendo sus apuestas pol\u00edticas\u2026 \ud83c\udf7f<\/p>\n<p>\u00a1Pum! \ud83d\udca5<\/p>\n<p>Resulta que era falso.<\/p>\n<p>Morena sali\u00f3 a desmentir el supuesto calendario y pidi\u00f3 no caer en rumores ni compartir informaci\u00f3n sin verificar.<\/p>\n<p>\ud83d\udd17 https:\/\/elperiodicodetlaxcala.com\/desmiente-morena-calendario-de-definiciones\/<\/p>\n<p>Y aqu\u00ed es donde yo me quiero detener. \ud83d\udc40<\/p>\n<p>No porque me parezca mal que exista inter\u00e9s en qui\u00e9n va a encabezar un proyecto pol\u00edtico.<\/p>\n<p>\u00a1Por supuesto que importa!<\/p>\n<p>La pol\u00edtica importa.<br \/>\nLas elecciones importan.<br \/>\nQui\u00e9n gobierna importa. \ud83d\uddf3\ufe0f<\/p>\n<p>Y adem\u00e1s, seamos honestos: todos sabemos que la sucesi\u00f3n ya est\u00e1 en el ambiente desde el a\u00f1o pasado, aunque oficialmente todav\u00eda no son los tiempos, ellos dicen YOLO, perifoneo, bardas, reuniones por comunidad, municipio y distrito, que te cuento, que t\u00fa no ya est\u00e9s enterado.<\/p>\n<p>Pero bueno\u2026<\/p>\n<p>\u00bfNeta nuestra conversaci\u00f3n p\u00fablica tiene que girar casi exclusivamente alrededor de ellos? \ud83e\udd14<\/p>\n<p>\u00bfDe qui\u00e9n va arriba?<\/p>\n<p>\u00bfQui\u00e9n baj\u00f3?<\/p>\n<p>\u00bfQui\u00e9n se reuni\u00f3 con qui\u00e9n?<\/p>\n<p>\u00bfQui\u00e9n sonri\u00f3 junto a qui\u00e9n?<\/p>\n<p>\u00bfQui\u00e9n public\u00f3 una encuesta?<\/p>\n<p>\u00bfQui\u00e9n ser\u00e1 \u201c\u00e9l\u201d o ser\u00e1 \u201cella\u201d? \ud83d\udc40<\/p>\n<p>Mientras tanto\u2026<\/p>\n<p>\u00bfY Tlaxcala qu\u00e9? \ud83d\ude36<\/p>\n<p>Ese que dicen tanto amar y proteger \ud83d\ude43<\/p>\n<p>Porque mientras discuten qui\u00e9n puede quedarse con la candidatura, hay problemas que no necesitan encuesta para saber que existen.<\/p>\n<p>Por ejemplo, hablemos de nuestros queridos y maltratados r\u00edos Zahuapan y Atoyac.\ud83d\udca7\ud83e\udd79<\/p>\n<p>Un diagn\u00f3stico federal identific\u00f3 m\u00e1s de 4 mil 900 puntos de descarga contaminante en la cuenca Atoyac-Zahuapan, y m\u00e1s del 95% ser\u00edan de origen domiciliario y municipal.<\/p>\n<p>\ud83d\udd17 https:\/\/www.jornada.com.mx\/2026\/02\/13\/estados\/025n1est<\/p>\n<p>Y aqu\u00ed viene lo que deber\u00eda hacernos levantar las dos cejas:<\/p>\n<p>\ud83d\udcb0 Se han anunciado miles de millones de pesos para el saneamiento del r\u00edo.<\/p>\n<p>El propio Gobierno de Tlaxcala ha presumido inversiones millonarias en infraestructura hidr\u00e1ulica y saneamiento, y tambi\u00e9n ha anunciado una bolsa de recursos para atender el problema del Zahuapan.<\/p>\n<p>\ud83d\udd17 https:\/\/gentetlx.com.mx\/2026\/08\/16\/contaminacion-persistente-en-el-rio-zahuapan-a-pesar-de-inversion-federal-millonaria\/<\/p>\n<p>Entonces yo pregunto:<\/p>\n<p>\u00bfEstamos hablando suficientemente de eso? \ud83e\udd28<\/p>\n<p>\u00bfEstamos preguntando d\u00f3nde se va a gastar?<\/p>\n<p>\u00bfQu\u00e9 obras se van a hacer?<\/p>\n<p>\u00bfEn cu\u00e1nto tiempo?<\/p>\n<p>\u00bfQui\u00e9n las va a ejecutar?<\/p>\n<p>\u00bfC\u00f3mo vamos a medir si realmente el r\u00edo est\u00e1 m\u00e1s limpio?<\/p>\n<p>\u00bfQui\u00e9n va a vigilar que esos millones realmente se traduzcan en resultados?<\/p>\n<p>Porque ah\u00ed s\u00ed me gustar\u00eda ver al ej\u00e9rcito de analistas, opinadores, encuestadores y detectives pol\u00edticos que aparecen cada vez que circula un supuesto resultado electoral. \ud83d\ude02<\/p>\n<p>Imag\u00ednense:<\/p>\n<p>\ud83d\udea8 \u00a1URGENTE! YA SABEMOS QUI\u00c9N VA ARRIBA EN LA CARRERA POR SALVAR EL ZAHUAPAN. \ud83d\udea8<\/p>\n<p>\ud83d\ude43\ud83d\ude12\ud83e\udee0<\/p>\n<p>Pero no, eso ni les importa<\/p>\n<p>Porque parece que nos hemos acostumbrado a consumir la pol\u00edtica como si fuera una serie de televisi\u00f3n. \ud83d\udcfa\ud83c\udf7f<\/p>\n<p>Temporada rumbo 2027: \u00bfQui\u00e9n ser\u00e1?<\/p>\n<p>Cap\u00edtulo uno: las encuestas. \ud83d\udcca<br \/>\nCap\u00edtulo dos: los grupos. \ud83d\udc65<br \/>\nCap\u00edtulo tres: los amarres. \ud83e\udd1d<br \/>\nCap\u00edtulo cuatro: la foto. \ud83d\udcf8<br \/>\nCap\u00edtulo cinco: el rumor. \ud83d\udc40<br \/>\nCap\u00edtulo seis: el ungido de Morena. \ud83d\udea8<\/p>\n<p>Y nosotros, espectadores, esperando el siguiente episodio.<\/p>\n<p>Pero mientras tanto, tambi\u00e9n habr\u00eda que preguntarnos algo muy sencillo:<\/p>\n<p>\u00bfEn qu\u00e9 estamos gastando nuestra atenci\u00f3n? \ud83e\udde0<\/p>\n<p>Porque s\u00ed, el Gobierno de Tlaxcala ha presumido que en poco m\u00e1s de cuatro a\u00f1os ha invertido 1,918 millones de pesos en cerca de 200 obras en la capital.<\/p>\n<p>\ud83d\udd17 https:\/\/oem.com.mx\/elsoldetlaxcala\/local\/recibe-la-capital-mil-918-millones-de-pesos-en-200-obras-de-impacto-social-30584807?utm_source=chatgpt.com<\/p>\n<p>Y claro que queremos obras.<\/p>\n<p>\u00a1Por supuesto que s\u00ed! \ud83d\ude4c\ud83c\udffb<\/p>\n<p>Pero tambi\u00e9n tenemos derecho a preguntar:<\/p>\n<p>\u00bfSon las obras que realmente necesitamos?<\/p>\n<p>Como olvidar los 150 millones tirados al agua en el parque h\u00eddrico \ud83d\udcb8\ud83c\udf33 y uno no puede evitar pensar:<\/p>\n<p>\u201c\u00bfDe verdad esa era la prioridad o solo una ocurrencia ?\u201d \ud83d\ude29<\/p>\n<p>Claro que importa tener espacios bonitos, dignos y seguros.<\/p>\n<p>Pero cuando tienes problemas de agua, drenaje, contaminaci\u00f3n, calles, seguridad, salud, espacios para j\u00f3venes y tantas necesidades acumuladas\u2026<\/p>\n<p>la pregunta no es si se puede gastar.<\/p>\n<p>La pregunta es:<\/p>\n<p>\u00bfEn qu\u00e9 vale m\u00e1s la pena gastar? \ud83e\udd37\ud83c\udffb\u200d\u2640\ufe0f<\/p>\n<p>Porque el dinero p\u00fablico no es infinito.<\/p>\n<p>Y cada peso que se utiliza en una cosa es un peso que potencialmente deja de utilizarse en otra.<\/p>\n<p>\ud83d\udd17 https:\/\/gentetlx.com.mx\/2024\/06\/25\/desastre-en-el-parque-hidrico-150-millones-de-pesos-al-agua\/<\/p>\n<p>Por eso deber\u00edamos estar mucho m\u00e1s atentos a las prioridades del gobierno y no solamente a las aspiraciones de quienes quieren gobernar.<\/p>\n<p>No todo este inter\u00e9s es simplemente porque la gente \u201cdefienda pol\u00edticos\u201d.<\/p>\n<p>Para muchas personas, los cambios de gobierno significan cambios reales en sus oportunidades laborales, econ\u00f3micas y profesionales.<\/p>\n<p>El aparato p\u00fablico estatal no es peque\u00f1o: INEGI registr\u00f3 38,526 personas adscritas a instituciones de la administraci\u00f3n p\u00fablica estatal de Tlaxcala al cierre de 2023.<\/p>\n<p>\ud83d\udd17 https:\/\/www.inegi.org.mx\/app\/publicaciones\/default.html?ag=29&amp;p=1460&amp;utm_source=chatgpt.com<\/p>\n<p>Entonces s\u00ed.<\/p>\n<p>Hay intereses leg\u00edtimos detr\u00e1s de una sucesi\u00f3n.<\/p>\n<p>Hay personas que quieren saber qui\u00e9n llegar\u00e1 porque su trabajo, su proyecto, su futuro o sus oportunidades pueden cambiar.<\/p>\n<p>Y eso tambi\u00e9n hay que decirlo.<\/p>\n<p>Pero precisamente por eso deber\u00edamos exigir que la conversaci\u00f3n sea mucho m\u00e1s grande que:<\/p>\n<p>\u201c\u00bfQui\u00e9n va a ganar?\u201d<\/p>\n<p>Porque gobernar no deber\u00eda ser \u00fanicamente ganar.<\/p>\n<p>Gobernar deber\u00eda significar RESOLVER. \ud83d\udca1<\/p>\n<p>Porque todav\u00eda no sabemos si ser\u00e1 \u00e9l o ser\u00e1 ella.<\/p>\n<p>No sabemos qui\u00e9n encabezar\u00e1 el proyecto.<\/p>\n<p>No sabemos qui\u00e9n tendr\u00e1 la candidatura.<\/p>\n<p>No sabemos qui\u00e9n llegar\u00e1 a la boleta.<\/p>\n<p>Pero s\u00ed sabemos que tenemos un r\u00edo que ha sido maltratado.\ud83d\udca7<\/p>\n<p>Sabemos que hay comunidades que necesitan mejores servicios.<\/p>\n<p>Sabemos que hay j\u00f3venes que necesitan oportunidades. \ud83e\uddd1\ud83c\udffb\u200d\ud83c\udf93<\/p>\n<p>Sabemos que hay mujeres que siguen enfrentando violencia econ\u00f3mica y de g\u00e9nero. \ud83d\udc69\ud83c\udffb\u200d\ud83e\uddb0<\/p>\n<p>Sabemos que hay municipios con problemas de seguridad. \ud83d\udea8<\/p>\n<p>Sabemos que hay familias haciendo malabares para llegar a fin de mes. \ud83e\udd7a<\/p>\n<p>Sabemos que hay emprendedoras buscando vender m\u00e1s. \ud83d\udecd\ufe0f<\/p>\n<p>Sabemos que hay ni\u00f1os y adolescentes que necesitan espacios deportivos, culturales<\/p>\n<p>es y recreativos. \u26bd\ufe0f\ud83c\udfad<\/p>\n<p>Sabemos que el medio ambiente no puede esperar a que termine una encuesta. \ud83c\udf31<\/p>\n<p>Y sabemos que los millones anunciados para solucionar los problemas p\u00fablicos merecen mucha m\u00e1s atenci\u00f3n ciudadana que un calendario falso circulando por WhatsApp. \ud83d\udcf2<\/p>\n<p>As\u00ed que esta semana yo no quiero preguntarles:<\/p>\n<p>\u00bfQui\u00e9n creen que ser\u00e1? \ud83d\udc40<\/p>\n<p>Quiero preguntarles algo mucho m\u00e1s inc\u00f3modo:<\/p>\n<p>\u00bfHacia d\u00f3nde estamos mirando? \ud83e\udd14<\/p>\n<p>Porque quiz\u00e1 mientras todos estamos viendo qui\u00e9n se queda con la silla\u2026<\/p>\n<p>deber\u00edamos estar preguntando qu\u00e9 va a hacer quien se siente en ella.<\/p>\n<p>Y eso, bbcitos, s\u00ed deber\u00eda importarnos a todos. \u2764\ufe0f\u200d\ud83e\ude79<\/p>\n<p>Porque Tlaxcala no puede convertirse en espectador de su propia pol\u00edtica.<\/p>\n<p>Aqu\u00ed estamos.<br \/>\nAqu\u00ed vivimos.<br \/>\nAqu\u00ed pagamos impuestos.<br \/>\nAqu\u00ed PADECEMOS los problemas, la ineptitud, el protagonismo, y los egos de los funcionarios.<\/p>\n<p>Y por eso, m\u00e1s que saber qui\u00e9n ser\u00e1 \u201c\u00e9l\u201d o qui\u00e9n ser\u00e1 \u201cella\u201d\u2026<\/p>\n<p>yo quiero saber:<\/p>\n<p>\u00bfQu\u00e9 van a hacer con Tlaxcala?<\/p>\n<p>Porque de eso s\u00ed depende nuestro futuro.<\/p>\n<p>La pol\u00edtica no deber\u00eda ser un concurso de popularidad.<\/p>\n<p>Y gobernar no deber\u00eda ser el premio para quien mejor supo construir una candidatura.<\/p>\n<p>Gobernar es hacerse RESPONSABLE de lo que duele, de lo que falta y de lo que durante a\u00f1os nadie ha querido resolver.<\/p>\n<p>Y de eso, curiosamente, hablamos mucho menos.<\/p>\n<p>Tlaxcala necesita resultados.<\/p>\n<p>Y si nuestra conversaci\u00f3n pol\u00edtica sigue siendo \u00fanicamente \u201c\u00bfqui\u00e9n va a ganar?\u201d, mientras dejamos de preguntar \u201c\u00bfqu\u00e9 van a resolver?\u201d\u2026<\/p>\n<p>entonces quiz\u00e1 el problema no sea solamente de quienes quieren gobernar.<\/p>\n<p>Tambi\u00e9n es de nosotros, por permitir que nos distraigan con la sucesi\u00f3n mientras se nos sigue yendo el presente entre los dedos.<\/p>\n<p>Y eso, bbcitos\u2026<\/p>\n<p>s\u00ed deber\u00eda preocuparnos mucho m\u00e1s que saber qui\u00e9n ser\u00e1 el ungido de Morena. \ud83d\ude43<\/p>\n","protected":false},"excerpt":{"rendered":"<p>Bbcitos de luz incandescente yo tengo una pregunta genuina esta semana: \u00bfEn qu\u00e9 momento nuestra conversaci\u00f3n p\u00fablica se convirti\u00f3 casi exclusivamente en saber qui\u00e9n ser\u00e1 el pr\u00f3ximo coordinador de Morena? \ud83d\udc40 Porque esta semana pas\u00f3 algo que, visto desde afuera, hasta parece broma. \ud83e\udee0 Circul\u00f3 un supuesto calendario en el que se aseguraba que este [&hellip;]<\/p>\n","protected":false},"author":3,"featured_media":84089,"comment_status":"open","ping_status":"open","sticky":false,"template":"","format":"standard","meta":{"footnotes":""},"categories":[12,6],"tags":[],"class_list":["post-84088","post","type-post","status-publish","format-standard","has-post-thumbnail","hentry","category-brujula-2026","category-opinion"],"amp_enabled":true,"_links":{"self":[{"href":"https:\/\/labestiapolitica.com.mx\/index.php?rest_route=\/wp\/v2\/posts\/84088","targetHints":{"allow":["GET"]}}],"collection":[{"href":"https:\/\/labestiapolitica.com.mx\/index.php?rest_route=\/wp\/v2\/posts"}],"about":[{"href":"https:\/\/labestiapolitica.com.mx\/index.php?rest_route=\/wp\/v2\/types\/post"}],"author":[{"embeddable":true,"href":"https:\/\/labestiapolitica.com.mx\/index.php?rest_route=\/wp\/v2\/users\/3"}],"replies":[{"embeddable":true,"href":"https:\/\/labestiapolitica.com.mx\/index.php?rest_route=%2Fwp%2Fv2%2Fcomments&post=84088"}],"version-history":[{"count":1,"href":"https:\/\/labestiapolitica.com.mx\/index.php?rest_route=\/wp\/v2\/posts\/84088\/revisions"}],"predecessor-version":[{"id":84090,"href":"https:\/\/labestiapolitica.com.mx\/index.php?rest_route=\/wp\/v2\/posts\/84088\/revisions\/84090"}],"wp:featuredmedia":[{"embeddable":true,"href":"https:\/\/labestiapolitica.com.mx\/index.php?rest_route=\/wp\/v2\/media\/84089"}],"wp:attachment":[{"href":"https:\/\/labestiapolitica.com.mx\/index.php?rest_route=%2Fwp%2Fv2%2Fmedia&parent=84088"}],"wp:term":[{"taxonomy":"category","embeddable":true,"href":"https:\/\/labestiapolitica.com.mx\/index.php?rest_route=%2Fwp%2Fv2%2Fcategories&post=84088"},{"taxonomy":"post_tag","embeddable":true,"href":"https:\/\/labestiapolitica.com.mx\/index.php?rest_route=%2Fwp%2Fv2%2Ftags&post=84088"}],"curies":[{"name":"wp","href":"https:\/\/api.w.org\/{rel}","templated":true}]}}