{"id":84096,"date":"2026-08-31T16:46:31","date_gmt":"2026-08-31T22:46:31","guid":{"rendered":"https:\/\/labestiapolitica.com.mx\/?p=84096"},"modified":"2026-08-31T16:46:31","modified_gmt":"2026-08-31T22:46:31","slug":"destacan-las-personas-mayores-sus-aportaciones-al-desarrollo-de-las-comunidades-como-sujetos-de-derechos","status":"publish","type":"post","link":"https:\/\/labestiapolitica.com.mx\/?p=84096","title":{"rendered":"Destacan las personas mayores sus aportaciones al desarrollo de las comunidades como sujetos de derechos."},"content":{"rendered":"<ul>\n<li style=\"text-align: justify;\"><em>Reconoce CEDHT legado y ense\u00f1anzas que aportan a las nuevas generaciones.<\/em><\/li>\n<\/ul>\n<p style=\"text-align: justify;\">En el marco de la conmemoraci\u00f3n del D\u00eda Nacional de las Personas Mayores, decenas de personas de distintos municipios de la entidad, demostraron que sus conocimientos e historias de vida siguen siendo aportaciones valiosas para el desarrollo de las comunidades, asumi\u00e9ndose como sujetos de derechos.<\/p>\n<p style=\"text-align: justify;\">La presidenta de la Comisi\u00f3n Estatal de Derechos Humanos de Tlaxcala (CEDHT), Jakqueline Ordo\u00f1ez Brasdefer, reconoci\u00f3 que, con el legado de las personas mayores y las ense\u00f1anzas que aportan a las nuevas generaciones, mantienen viva la parte humana de la sociedad, por lo cual es necesario manifestarles respeto, as\u00ed como escucharles en todo momento.<\/p>\n<p style=\"text-align: justify;\">M\u00e1s de cien personas mayores de los municipios de Amaxac, Apetatitl\u00e1n, Apizaco, Benito Ju\u00e1rez, Chiautempan, Cuaxomulco, Contla, Huamantla, Hueyotlipan, Ixtacuixtla, Ixtenco, Tlaxcala, Santa Cruz Tlaxcala, Totolac, Xaltocan y Zacualpan participaron en una convivencia que incluy\u00f3 diferentes din\u00e1micas, con lo que demostraron que siguen vigentes como personas que contribuyen al desarrollo social.<\/p>\n<p style=\"text-align: justify;\">Con entusiasmo y energ\u00eda se integraron en actividades l\u00fadicas, coordinadas por integrantes de la asociaci\u00f3n \u00c1rbola, quien junto con la Fundaci\u00f3n Providencia Contigo A.C., realizaron din\u00e1micas en las que todas y todos participaron.<\/p>\n<p style=\"text-align: justify;\">A este evento asisti\u00f3 Sergio Ojeda Iluihcatzi, director de la asociaci\u00f3n Adinam A.C., as\u00ed como integrantes del Consejo consultivo Leticia Valera Gonz\u00e1lez, Agust\u00edn Flores Pe\u00f1a, Fernando George Zecua y Jes\u00fas Rivera Pantoja y personal de la CEDHT.<\/p>\n<p>&nbsp;<\/p>\n<p><img loading=\"lazy\" decoding=\"async\" class=\"aligncenter wp-image-79046 size-large\" src=\"https:\/\/labestiapolitica.com.mx\/wp-content\/uploads\/2026\/07\/AJ-uni-819x1024.jpeg\" alt=\"\" width=\"640\" height=\"800\" srcset=\"https:\/\/labestiapolitica.com.mx\/wp-content\/uploads\/2026\/07\/AJ-uni-819x1024.jpeg 819w, https:\/\/labestiapolitica.com.mx\/wp-content\/uploads\/2026\/07\/AJ-uni-240x300.jpeg 240w, https:\/\/labestiapolitica.com.mx\/wp-content\/uploads\/2026\/07\/AJ-uni-768x960.jpeg 768w, https:\/\/labestiapolitica.com.mx\/wp-content\/uploads\/2026\/07\/AJ-uni.jpeg 1080w\" sizes=\"auto, (max-width: 640px) 100vw, 640px\" \/><\/p>\n","protected":false},"excerpt":{"rendered":"<p>Reconoce CEDHT legado y ense\u00f1anzas que aportan a las nuevas generaciones. En el marco de la conmemoraci\u00f3n del D\u00eda Nacional de las Personas Mayores, decenas de personas de distintos municipios de la entidad, demostraron que sus conocimientos e historias de vida siguen siendo aportaciones valiosas para el desarrollo de las comunidades, asumi\u00e9ndose como sujetos de [&hellip;]<\/p>\n","protected":false},"author":5,"featured_media":84097,"comment_status":"open","ping_status":"open","sticky":false,"template":"","format":"standard","meta":{"footnotes":""},"categories":[232],"tags":[],"class_list":["post-84096","post","type-post","status-publish","format-standard","has-post-thumbnail","hentry","category-derechos-humanos-tlaxcala"],"amp_enabled":true,"_links":{"self":[{"href":"https:\/\/labestiapolitica.com.mx\/index.php?rest_route=\/wp\/v2\/posts\/84096","targetHints":{"allow":["GET"]}}],"collection":[{"href":"https:\/\/labestiapolitica.com.mx\/index.php?rest_route=\/wp\/v2\/posts"}],"about":[{"href":"https:\/\/labestiapolitica.com.mx\/index.php?rest_route=\/wp\/v2\/types\/post"}],"author":[{"embeddable":true,"href":"https:\/\/labestiapolitica.com.mx\/index.php?rest_route=\/wp\/v2\/users\/5"}],"replies":[{"embeddable":true,"href":"https:\/\/labestiapolitica.com.mx\/index.php?rest_route=%2Fwp%2Fv2%2Fcomments&post=84096"}],"version-history":[{"count":1,"href":"https:\/\/labestiapolitica.com.mx\/index.php?rest_route=\/wp\/v2\/posts\/84096\/revisions"}],"predecessor-version":[{"id":84098,"href":"https:\/\/labestiapolitica.com.mx\/index.php?rest_route=\/wp\/v2\/posts\/84096\/revisions\/84098"}],"wp:featuredmedia":[{"embeddable":true,"href":"https:\/\/labestiapolitica.com.mx\/index.php?rest_route=\/wp\/v2\/media\/84097"}],"wp:attachment":[{"href":"https:\/\/labestiapolitica.com.mx\/index.php?rest_route=%2Fwp%2Fv2%2Fmedia&parent=84096"}],"wp:term":[{"taxonomy":"category","embeddable":true,"href":"https:\/\/labestiapolitica.com.mx\/index.php?rest_route=%2Fwp%2Fv2%2Fcategories&post=84096"},{"taxonomy":"post_tag","embeddable":true,"href":"https:\/\/labestiapolitica.com.mx\/index.php?rest_route=%2Fwp%2Fv2%2Ftags&post=84096"}],"curies":[{"name":"wp","href":"https:\/\/api.w.org\/{rel}","templated":true}]}}