{"id":84099,"date":"2026-08-31T16:49:24","date_gmt":"2026-08-31T22:49:24","guid":{"rendered":"https:\/\/labestiapolitica.com.mx\/?p=84099"},"modified":"2026-08-31T16:49:24","modified_gmt":"2026-08-31T22:49:24","slug":"convocan-a-la-tercera-edicion-del-concurso-musical-tlaxcala-rockea-en-la-feria-de-ferias-2026","status":"publish","type":"post","link":"https:\/\/labestiapolitica.com.mx\/?p=84099","title":{"rendered":"Convocan a la tercera edici\u00f3n del concurso musical \u201cTlaxcala Rockea\u201d en la Feria de Ferias 2026."},"content":{"rendered":"<ul>\n<li style=\"text-align: justify;\">Se otorgar\u00e1n premios econ\u00f3micos a la mejor ejecuci\u00f3n t\u00e9cnica y para la banda con mayor popularidad y gusto del p\u00fablico.<\/li>\n<\/ul>\n<p style=\"text-align: justify;\">Con el objetivo de fomentar la participaci\u00f3n art\u00edstica, impulsar el talento local, la creatividad y las propuestas sonoras del g\u00e9nero rock y ofrecer al p\u00fablico un espect\u00e1culo de entretenimiento de gran calidad que fortalezca la cultura del rock en la entidad.<\/p>\n<p style=\"text-align: justify;\">El Patronato para las Exposiciones y Ferias en la Ciudad de Tlaxcala convoca a las agrupaciones de rock y sus diversos subg\u00e9neros a participar en el tercer concurso de bandas \u201cTlaxcala, Rockea\u201d, el cual se llevar\u00e1 a cabo en el marco de \u201cTlaxcala, La Feria de Ferias 2026\u201d el martes 27 de octubre de 2026 a las 18:00 horas en el Teatro del Pueblo.<\/p>\n<p style=\"text-align: justify;\">La premiaci\u00f3n se otorgar\u00e1 a la mejor ejecuci\u00f3n t\u00e9cnica con 8 mil pesos donde el jurado calificador evaluar\u00e1 el balance instrumental, ajuste r\u00edtmico y m\u00e9trico, afinaci\u00f3n, ensamble, interpretaci\u00f3n, repertorio, autenticidad, propuesta l\u00edrica y dominio esc\u00e9nico.<\/p>\n<p style=\"text-align: justify;\">El premio a la banda m\u00e1s popular ser\u00e1 de 4 mil pesos evaluado mediante la ovaci\u00f3n directa del p\u00fablico (aplaus\u00f3metro) durante la ronda final en escenario.<\/p>\n<p style=\"text-align: justify;\">Las bandas interesadas podr\u00e1n realizar su registro presencial a partir del 01 de septiembre y hasta el 14 de octubre de 2026, de lunes a viernes en un horario de 10:00 a 15:00 horas en el departamento de eventos de las oficinas del Patronato, ubicadas en Av. Lago del Ni\u00f1o 1, Adolfo L\u00f3pez Mateos en la ciudad de Tlaxcala.<br \/>\nPara mayores informes, el comit\u00e9 organizador pone a disposici\u00f3n la l\u00ednea de v\u00eda WhatsApp al 246 241 5720.<\/p>\n<p>&nbsp;<\/p>\n<p><img loading=\"lazy\" decoding=\"async\" class=\"aligncenter wp-image-79046 size-large\" src=\"https:\/\/labestiapolitica.com.mx\/wp-content\/uploads\/2026\/07\/AJ-uni-819x1024.jpeg\" alt=\"\" width=\"640\" height=\"800\" srcset=\"https:\/\/labestiapolitica.com.mx\/wp-content\/uploads\/2026\/07\/AJ-uni-819x1024.jpeg 819w, https:\/\/labestiapolitica.com.mx\/wp-content\/uploads\/2026\/07\/AJ-uni-240x300.jpeg 240w, https:\/\/labestiapolitica.com.mx\/wp-content\/uploads\/2026\/07\/AJ-uni-768x960.jpeg 768w, https:\/\/labestiapolitica.com.mx\/wp-content\/uploads\/2026\/07\/AJ-uni.jpeg 1080w\" sizes=\"auto, (max-width: 640px) 100vw, 640px\" \/><\/p>\n","protected":false},"excerpt":{"rendered":"<p>Se otorgar\u00e1n premios econ\u00f3micos a la mejor ejecuci\u00f3n t\u00e9cnica y para la banda con mayor popularidad y gusto del p\u00fablico. Con el objetivo de fomentar la participaci\u00f3n art\u00edstica, impulsar el talento local, la creatividad y las propuestas sonoras del g\u00e9nero rock y ofrecer al p\u00fablico un espect\u00e1culo de entretenimiento de gran calidad que fortalezca la [&hellip;]<\/p>\n","protected":false},"author":5,"featured_media":84100,"comment_status":"open","ping_status":"open","sticky":false,"template":"","format":"standard","meta":{"footnotes":""},"categories":[7,312],"tags":[],"class_list":["post-84099","post","type-post","status-publish","format-standard","has-post-thumbnail","hentry","category-ciudadanos","category-cultura"],"amp_enabled":true,"_links":{"self":[{"href":"https:\/\/labestiapolitica.com.mx\/index.php?rest_route=\/wp\/v2\/posts\/84099","targetHints":{"allow":["GET"]}}],"collection":[{"href":"https:\/\/labestiapolitica.com.mx\/index.php?rest_route=\/wp\/v2\/posts"}],"about":[{"href":"https:\/\/labestiapolitica.com.mx\/index.php?rest_route=\/wp\/v2\/types\/post"}],"author":[{"embeddable":true,"href":"https:\/\/labestiapolitica.com.mx\/index.php?rest_route=\/wp\/v2\/users\/5"}],"replies":[{"embeddable":true,"href":"https:\/\/labestiapolitica.com.mx\/index.php?rest_route=%2Fwp%2Fv2%2Fcomments&post=84099"}],"version-history":[{"count":1,"href":"https:\/\/labestiapolitica.com.mx\/index.php?rest_route=\/wp\/v2\/posts\/84099\/revisions"}],"predecessor-version":[{"id":84101,"href":"https:\/\/labestiapolitica.com.mx\/index.php?rest_route=\/wp\/v2\/posts\/84099\/revisions\/84101"}],"wp:featuredmedia":[{"embeddable":true,"href":"https:\/\/labestiapolitica.com.mx\/index.php?rest_route=\/wp\/v2\/media\/84100"}],"wp:attachment":[{"href":"https:\/\/labestiapolitica.com.mx\/index.php?rest_route=%2Fwp%2Fv2%2Fmedia&parent=84099"}],"wp:term":[{"taxonomy":"category","embeddable":true,"href":"https:\/\/labestiapolitica.com.mx\/index.php?rest_route=%2Fwp%2Fv2%2Fcategories&post=84099"},{"taxonomy":"post_tag","embeddable":true,"href":"https:\/\/labestiapolitica.com.mx\/index.php?rest_route=%2Fwp%2Fv2%2Ftags&post=84099"}],"curies":[{"name":"wp","href":"https:\/\/api.w.org\/{rel}","templated":true}]}}