{"id":84102,"date":"2026-08-31T16:53:09","date_gmt":"2026-08-31T22:53:09","guid":{"rendered":"https:\/\/labestiapolitica.com.mx\/?p=84102"},"modified":"2026-08-31T16:53:09","modified_gmt":"2026-08-31T22:53:09","slug":"seguridad-publica-de-ixtenco-brinda-acompanamiento-a-estudiantes-durante-el-regreso-a-clases","status":"publish","type":"post","link":"https:\/\/labestiapolitica.com.mx\/?p=84102","title":{"rendered":"Seguridad P\u00fablica de Ixtenco brinda acompa\u00f1amiento a estudiantes durante el regreso a clases."},"content":{"rendered":"<p style=\"text-align: justify;\">Con motivo del regreso a clases y el inicio de actividades escolares en los diferentes niveles educativos, el Gobierno Municipal de Ixtenco, encabezado por la presidenta municipal Mtra. Miriam Aline Lazo Caballero, a trav\u00e9s de la Direcci\u00f3n de Seguridad P\u00fablica, implement\u00f3 acciones de vigilancia y acompa\u00f1amiento en las inmediaciones de los planteles educativos del municipio.<\/p>\n<p style=\"text-align: justify;\">Desde temprana hora, elementos de Seguridad P\u00fablica mantuvieron presencia en puntos estrat\u00e9gicos, principalmente durante el ingreso de alumnas y alumnos, con el prop\u00f3sito de brindar mayor seguridad a estudiantes, madres y padres de familia, docentes y personal educativo.<\/p>\n<p style=\"text-align: justify;\">Estas labores forman parte de las acciones preventivas que se realizan para mantener entornos escolares seguros, as\u00ed como favorecer el orden y atender oportunamente cualquier situaci\u00f3n que pudiera presentarse durante los horarios de mayor afluencia.<\/p>\n<p style=\"text-align: justify;\">La presidenta municipal, Aline Lazo, ha reiterado la importancia de fortalecer las acciones de proximidad y prevenci\u00f3n, especialmente en espacios donde diariamente convergen ni\u00f1as, ni\u00f1os, adolescentes y j\u00f3venes, priorizando en todo momento su seguridad y bienestar.<\/p>\n<p style=\"text-align: justify;\">El Gobierno Municipal de Ixtenco continuar\u00e1 trabajando de manera cercana y coordinada para reforzar la seguridad en los planteles educativos y acompa\u00f1ar a la comunidad estudiantil durante este nuevo ciclo escolar.<\/p>\n<p>&nbsp;<\/p>\n<p><img loading=\"lazy\" decoding=\"async\" class=\"aligncenter wp-image-79046 size-large\" src=\"https:\/\/labestiapolitica.com.mx\/wp-content\/uploads\/2026\/07\/AJ-uni-819x1024.jpeg\" alt=\"\" width=\"640\" height=\"800\" srcset=\"https:\/\/labestiapolitica.com.mx\/wp-content\/uploads\/2026\/07\/AJ-uni-819x1024.jpeg 819w, https:\/\/labestiapolitica.com.mx\/wp-content\/uploads\/2026\/07\/AJ-uni-240x300.jpeg 240w, https:\/\/labestiapolitica.com.mx\/wp-content\/uploads\/2026\/07\/AJ-uni-768x960.jpeg 768w, https:\/\/labestiapolitica.com.mx\/wp-content\/uploads\/2026\/07\/AJ-uni.jpeg 1080w\" sizes=\"auto, (max-width: 640px) 100vw, 640px\" \/><\/p>\n","protected":false},"excerpt":{"rendered":"<p>Con motivo del regreso a clases y el inicio de actividades escolares en los diferentes niveles educativos, el Gobierno Municipal de Ixtenco, encabezado por la presidenta municipal Mtra. Miriam Aline Lazo Caballero, a trav\u00e9s de la Direcci\u00f3n de Seguridad P\u00fablica, implement\u00f3 acciones de vigilancia y acompa\u00f1amiento en las inmediaciones de los planteles educativos del municipio. [&hellip;]<\/p>\n","protected":false},"author":5,"featured_media":84103,"comment_status":"open","ping_status":"open","sticky":false,"template":"","format":"standard","meta":{"footnotes":""},"categories":[257,216],"tags":[],"class_list":["post-84102","post","type-post","status-publish","format-standard","has-post-thumbnail","hentry","category-ixtenco","category-municipios"],"amp_enabled":true,"_links":{"self":[{"href":"https:\/\/labestiapolitica.com.mx\/index.php?rest_route=\/wp\/v2\/posts\/84102","targetHints":{"allow":["GET"]}}],"collection":[{"href":"https:\/\/labestiapolitica.com.mx\/index.php?rest_route=\/wp\/v2\/posts"}],"about":[{"href":"https:\/\/labestiapolitica.com.mx\/index.php?rest_route=\/wp\/v2\/types\/post"}],"author":[{"embeddable":true,"href":"https:\/\/labestiapolitica.com.mx\/index.php?rest_route=\/wp\/v2\/users\/5"}],"replies":[{"embeddable":true,"href":"https:\/\/labestiapolitica.com.mx\/index.php?rest_route=%2Fwp%2Fv2%2Fcomments&post=84102"}],"version-history":[{"count":1,"href":"https:\/\/labestiapolitica.com.mx\/index.php?rest_route=\/wp\/v2\/posts\/84102\/revisions"}],"predecessor-version":[{"id":84104,"href":"https:\/\/labestiapolitica.com.mx\/index.php?rest_route=\/wp\/v2\/posts\/84102\/revisions\/84104"}],"wp:featuredmedia":[{"embeddable":true,"href":"https:\/\/labestiapolitica.com.mx\/index.php?rest_route=\/wp\/v2\/media\/84103"}],"wp:attachment":[{"href":"https:\/\/labestiapolitica.com.mx\/index.php?rest_route=%2Fwp%2Fv2%2Fmedia&parent=84102"}],"wp:term":[{"taxonomy":"category","embeddable":true,"href":"https:\/\/labestiapolitica.com.mx\/index.php?rest_route=%2Fwp%2Fv2%2Fcategories&post=84102"},{"taxonomy":"post_tag","embeddable":true,"href":"https:\/\/labestiapolitica.com.mx\/index.php?rest_route=%2Fwp%2Fv2%2Ftags&post=84102"}],"curies":[{"name":"wp","href":"https:\/\/api.w.org\/{rel}","templated":true}]}}