{"id":84105,"date":"2026-08-31T16:55:46","date_gmt":"2026-08-31T22:55:46","guid":{"rendered":"https:\/\/labestiapolitica.com.mx\/?p=84105"},"modified":"2026-08-31T16:55:46","modified_gmt":"2026-08-31T22:55:46","slug":"alfonso-sanchez-cierra-agosto-como-el-puntero-en-morena","status":"publish","type":"post","link":"https:\/\/labestiapolitica.com.mx\/?p=84105","title":{"rendered":"Alfonso S\u00e1nchez cierra agosto como el puntero en Morena."},"content":{"rendered":"<ul>\n<li style=\"text-align: justify;\">Le reconocen atributos como resultados, honestidad, ser hombre de familia y promover la unidad, entre otros.<\/li>\n<\/ul>\n<p style=\"text-align: justify;\">Con mediciones de empresas como El Heraldo de M\u00e9xico y Arias Consultores que lo colocan en el primer lugar de la preferencia ciudadana, Alfonso S\u00e1nchez Garc\u00eda llega al \u00faltimo d\u00eda de agosto como el puntero rumbo a la coordinaci\u00f3n estatal en Defensa de la Soberan\u00eda Nacional y la Transformaci\u00f3n al registrar 42.9 sobre 41.6 puntos y 39 sobre 27 del segundo lugar, respectivamente<\/p>\n<p style=\"text-align: justify;\">El alcalde con licencia es reconocido como un hombre de resultados probados, capacidad para resolver y visi\u00f3n para tomar buenas decisiones, adem\u00e1s de que es un hombre de familia, prudente, preparado y cercano a la gente, que ha privilegiado el di\u00e1logo, la unidad y el trabajo territorial por encima de la confrontaci\u00f3n.<\/p>\n<p style=\"text-align: justify;\">A su proyecto se han integrado militantes de Morena, simpatizantes y ciudadanos que coinciden en la necesidad de fortalecer la transformaci\u00f3n desde Tlaxcala. Alfonso ha planteado que la defensa de M\u00e9xico se construye desde el territorio, con organizaci\u00f3n y, sobre todo, con la participaci\u00f3n activa del pueblo.<\/p>\n<p style=\"text-align: justify;\">El respaldo ciudadano se refleja a\u00fan m\u00e1s en territorio, donde la gente se le acerca para saludarlo, abrazarlo, tomarse fotos, dialogar con \u00e9l y con diversas expresiones que evidencian su respaldo y reconocimiento a los atributos considerados por Morena para definir a sus coordinadores, en las que destaca por su honestidad, capacidad, cercan\u00eda y liderazgo.<\/p>\n<p style=\"text-align: justify;\">La suma de voluntades en los 60 municipios confirma que Alfonso S\u00e1nchez representa un proyecto que crece desde abajo, con resultados, legitimidad y confianza ciudadana.<\/p>\n<p>&nbsp;<\/p>\n<p><img loading=\"lazy\" decoding=\"async\" class=\"aligncenter wp-image-79046 size-large\" src=\"https:\/\/labestiapolitica.com.mx\/wp-content\/uploads\/2026\/07\/AJ-uni-819x1024.jpeg\" alt=\"\" width=\"640\" height=\"800\" srcset=\"https:\/\/labestiapolitica.com.mx\/wp-content\/uploads\/2026\/07\/AJ-uni-819x1024.jpeg 819w, https:\/\/labestiapolitica.com.mx\/wp-content\/uploads\/2026\/07\/AJ-uni-240x300.jpeg 240w, https:\/\/labestiapolitica.com.mx\/wp-content\/uploads\/2026\/07\/AJ-uni-768x960.jpeg 768w, https:\/\/labestiapolitica.com.mx\/wp-content\/uploads\/2026\/07\/AJ-uni.jpeg 1080w\" sizes=\"auto, (max-width: 640px) 100vw, 640px\" \/><\/p>\n","protected":false},"excerpt":{"rendered":"<p>Le reconocen atributos como resultados, honestidad, ser hombre de familia y promover la unidad, entre otros. Con mediciones de empresas como El Heraldo de M\u00e9xico y Arias Consultores que lo colocan en el primer lugar de la preferencia ciudadana, Alfonso S\u00e1nchez Garc\u00eda llega al \u00faltimo d\u00eda de agosto como el puntero rumbo a la coordinaci\u00f3n [&hellip;]<\/p>\n","protected":false},"author":5,"featured_media":84106,"comment_status":"open","ping_status":"open","sticky":false,"template":"","format":"standard","meta":{"footnotes":""},"categories":[7],"tags":[],"class_list":["post-84105","post","type-post","status-publish","format-standard","has-post-thumbnail","hentry","category-ciudadanos"],"amp_enabled":true,"_links":{"self":[{"href":"https:\/\/labestiapolitica.com.mx\/index.php?rest_route=\/wp\/v2\/posts\/84105","targetHints":{"allow":["GET"]}}],"collection":[{"href":"https:\/\/labestiapolitica.com.mx\/index.php?rest_route=\/wp\/v2\/posts"}],"about":[{"href":"https:\/\/labestiapolitica.com.mx\/index.php?rest_route=\/wp\/v2\/types\/post"}],"author":[{"embeddable":true,"href":"https:\/\/labestiapolitica.com.mx\/index.php?rest_route=\/wp\/v2\/users\/5"}],"replies":[{"embeddable":true,"href":"https:\/\/labestiapolitica.com.mx\/index.php?rest_route=%2Fwp%2Fv2%2Fcomments&post=84105"}],"version-history":[{"count":1,"href":"https:\/\/labestiapolitica.com.mx\/index.php?rest_route=\/wp\/v2\/posts\/84105\/revisions"}],"predecessor-version":[{"id":84107,"href":"https:\/\/labestiapolitica.com.mx\/index.php?rest_route=\/wp\/v2\/posts\/84105\/revisions\/84107"}],"wp:featuredmedia":[{"embeddable":true,"href":"https:\/\/labestiapolitica.com.mx\/index.php?rest_route=\/wp\/v2\/media\/84106"}],"wp:attachment":[{"href":"https:\/\/labestiapolitica.com.mx\/index.php?rest_route=%2Fwp%2Fv2%2Fmedia&parent=84105"}],"wp:term":[{"taxonomy":"category","embeddable":true,"href":"https:\/\/labestiapolitica.com.mx\/index.php?rest_route=%2Fwp%2Fv2%2Fcategories&post=84105"},{"taxonomy":"post_tag","embeddable":true,"href":"https:\/\/labestiapolitica.com.mx\/index.php?rest_route=%2Fwp%2Fv2%2Ftags&post=84105"}],"curies":[{"name":"wp","href":"https:\/\/api.w.org\/{rel}","templated":true}]}}