{"id":84114,"date":"2026-08-31T17:07:07","date_gmt":"2026-08-31T23:07:07","guid":{"rendered":"https:\/\/labestiapolitica.com.mx\/?p=84114"},"modified":"2026-08-31T17:07:07","modified_gmt":"2026-08-31T23:07:07","slug":"fija-congreso-del-estado-bando-solemne-con-motivo-del-inicio-del-mes-patrio","status":"publish","type":"post","link":"https:\/\/labestiapolitica.com.mx\/?p=84114","title":{"rendered":"Fija Congreso del Estado Bando Solemne con motivo del inicio del mes patrio."},"content":{"rendered":"<p style=\"font-weight: 400; text-align: justify;\">El Congreso del Estado de Tlaxcala se sum\u00f3 este lunes 31 de agosto a las actividades conmemorativas por el 216 aniversario del inicio de la Independencia de M\u00e9xico, con la fijaci\u00f3n del Bando Solemne que establece el programa de actos c\u00edvicos y sociales previstos durante septiembre.<\/p>\n<p style=\"font-weight: 400; text-align: justify;\">En la sede del Poder Legislativo, la Oficial Mayor de Gobierno, Er\u00e9ndira Berenice Garay Salas, entreg\u00f3 el documento al presidente de la Mesa Directiva, diputado Emilio De la Pe\u00f1a Aponte. Posteriormente, ambos llevaron a cabo la fijaci\u00f3n del Bando Solemne.<\/p>\n<p style=\"font-weight: 400; text-align: justify;\">A este acto asistieron las diputadas Mar\u00eda Ana Bertha Mastranzo Corona, Sandra Guadalupe Aguilar Vega, Lorena Ruiz Garc\u00eda, Maribel Le\u00f3n Cruz, Madai P\u00e9rez Carrillo, Maribel Cervantes Hern\u00e1ndez y Engracia Morales Delgado, as\u00ed como los diputados Silvano Garay Loredo y Vicente Morales P\u00e9rez; adem\u00e1s de titulares y personal de los \u00f3rganos t\u00e9cnicos y administrativos del Congreso del Estado.<\/p>\n<p style=\"font-weight: 400; text-align: justify;\">Con este acto protocolario, el Poder Legislativo participa en el inicio de las celebraciones del mes patrio, periodo en el que se conmemoran acontecimientos fundamentales para la historia de M\u00e9xico, como la defensa del Castillo de Chapultepec, el 13 de septiembre; el Grito de Dolores y el inicio de la lucha de Independencia, el 15 de septiembre; as\u00ed como la consumaci\u00f3n de la Independencia, ocurrida el 27 de septiembre de 1821.<\/p>\n<p>&nbsp;<\/p>\n<p><img loading=\"lazy\" decoding=\"async\" class=\"aligncenter wp-image-79046 size-large\" src=\"https:\/\/labestiapolitica.com.mx\/wp-content\/uploads\/2026\/07\/AJ-uni-819x1024.jpeg\" alt=\"\" width=\"640\" height=\"800\" srcset=\"https:\/\/labestiapolitica.com.mx\/wp-content\/uploads\/2026\/07\/AJ-uni-819x1024.jpeg 819w, https:\/\/labestiapolitica.com.mx\/wp-content\/uploads\/2026\/07\/AJ-uni-240x300.jpeg 240w, https:\/\/labestiapolitica.com.mx\/wp-content\/uploads\/2026\/07\/AJ-uni-768x960.jpeg 768w, https:\/\/labestiapolitica.com.mx\/wp-content\/uploads\/2026\/07\/AJ-uni.jpeg 1080w\" sizes=\"auto, (max-width: 640px) 100vw, 640px\" \/><\/p>\n","protected":false},"excerpt":{"rendered":"<p>El Congreso del Estado de Tlaxcala se sum\u00f3 este lunes 31 de agosto a las actividades conmemorativas por el 216 aniversario del inicio de la Independencia de M\u00e9xico, con la fijaci\u00f3n del Bando Solemne que establece el programa de actos c\u00edvicos y sociales previstos durante septiembre. En la sede del Poder Legislativo, la Oficial Mayor [&hellip;]<\/p>\n","protected":false},"author":5,"featured_media":84115,"comment_status":"open","ping_status":"open","sticky":false,"template":"","format":"standard","meta":{"footnotes":""},"categories":[224,247],"tags":[],"class_list":["post-84114","post","type-post","status-publish","format-standard","has-post-thumbnail","hentry","category-congreso-del-estado-de-tlaxcala","category-politica"],"amp_enabled":true,"_links":{"self":[{"href":"https:\/\/labestiapolitica.com.mx\/index.php?rest_route=\/wp\/v2\/posts\/84114","targetHints":{"allow":["GET"]}}],"collection":[{"href":"https:\/\/labestiapolitica.com.mx\/index.php?rest_route=\/wp\/v2\/posts"}],"about":[{"href":"https:\/\/labestiapolitica.com.mx\/index.php?rest_route=\/wp\/v2\/types\/post"}],"author":[{"embeddable":true,"href":"https:\/\/labestiapolitica.com.mx\/index.php?rest_route=\/wp\/v2\/users\/5"}],"replies":[{"embeddable":true,"href":"https:\/\/labestiapolitica.com.mx\/index.php?rest_route=%2Fwp%2Fv2%2Fcomments&post=84114"}],"version-history":[{"count":1,"href":"https:\/\/labestiapolitica.com.mx\/index.php?rest_route=\/wp\/v2\/posts\/84114\/revisions"}],"predecessor-version":[{"id":84116,"href":"https:\/\/labestiapolitica.com.mx\/index.php?rest_route=\/wp\/v2\/posts\/84114\/revisions\/84116"}],"wp:featuredmedia":[{"embeddable":true,"href":"https:\/\/labestiapolitica.com.mx\/index.php?rest_route=\/wp\/v2\/media\/84115"}],"wp:attachment":[{"href":"https:\/\/labestiapolitica.com.mx\/index.php?rest_route=%2Fwp%2Fv2%2Fmedia&parent=84114"}],"wp:term":[{"taxonomy":"category","embeddable":true,"href":"https:\/\/labestiapolitica.com.mx\/index.php?rest_route=%2Fwp%2Fv2%2Fcategories&post=84114"},{"taxonomy":"post_tag","embeddable":true,"href":"https:\/\/labestiapolitica.com.mx\/index.php?rest_route=%2Fwp%2Fv2%2Ftags&post=84114"}],"curies":[{"name":"wp","href":"https:\/\/api.w.org\/{rel}","templated":true}]}}