{"id":84117,"date":"2026-08-31T17:12:08","date_gmt":"2026-08-31T23:12:08","guid":{"rendered":"https:\/\/labestiapolitica.com.mx\/?p=84117"},"modified":"2026-08-31T17:12:08","modified_gmt":"2026-08-31T23:12:08","slug":"zacatelco-impulsa-campana-gratuita-de-instalacion-de-chip-repuvet-para-fortalecer-la-seguridad-vehicular","status":"publish","type":"post","link":"https:\/\/labestiapolitica.com.mx\/?p=84117","title":{"rendered":"Zacatelco impulsa campa\u00f1a gratuita de instalaci\u00f3n de chip REPUVET para fortalecer la seguridad vehicular."},"content":{"rendered":"<div id=\":pj\" class=\"ii gt\">\n<div id=\":r1\" class=\"a3s aiL \">\n<div id=\"avWBGd-514\">\n<ul>\n<li style=\"text-align: justify;\">La jornada se realizar\u00e1 el 1 y 2 de septiembre frente a la Presidencia Municipal, de 8:30 a 16:00 horas.<\/li>\n<\/ul>\n<p style=\"text-align: justify;\">Con el objetivo de fortalecer las acciones preventivas contra el robo de veh\u00edculos y brindar mayor certeza a las y los propietarios, el Gobierno Municipal de Zacatelco, a trav\u00e9s de la Direcci\u00f3n de Seguridad P\u00fablica y Vialidad y el \u00e1rea de Prevenci\u00f3n del Delito y Proximidad Social, en coordinaci\u00f3n con el Secretariado Ejecutivo del Sistema Estatal de Seguridad P\u00fablica (SESESP), llevar\u00e1 a cabo una jornada gratuita de instalaci\u00f3n del chip del Registro P\u00fablico Vehicular de Tlaxcala (REPUVET).<\/p>\n<p style=\"text-align: justify;\">Durante esta jornada, el m\u00f3dulo itinerante de REPUVET estar\u00e1 instalado frente a la Presidencia Municipal de Zacatelco los d\u00edas 1 y 2 de septiembre, en un horario de 8:30 a 16:00 horas.<\/p>\n<p style=\"text-align: justify;\">La instalaci\u00f3n del chip REPUVE de \u00faltima generaci\u00f3n permite incorporar la unidad al registro vehicular y constituye una herramienta preventiva que puede contribuir a la identificaci\u00f3n y recuperaci\u00f3n de veh\u00edculos en caso de robo, adem\u00e1s de brindar mayor certeza sobre su registro.<\/p>\n<p style=\"text-align: justify;\">El presidente municipal Jos\u00e9 Miguel Acatzi Luna refrend\u00f3 su compromiso con la seguridad de las familias zacatelquenses y exhort\u00f3 a la ciudadan\u00eda a aprovechar esta jornada gratuita.<\/p>\n<blockquote>\n<p style=\"text-align: justify;\"><em>\u201cInvitamos a las y los propietarios de veh\u00edculos a participar y realizar su registro. Estas acciones nos permiten fortalecer la prevenci\u00f3n y contribuir a una mayor seguridad para nuestro municipio\u201d.<\/em><\/p>\n<\/blockquote>\n<p style=\"text-align: justify;\"><em>Para realizar el tr\u00e1mite, las y los interesados deber\u00e1n presentar:<\/em><\/p>\n<ul style=\"text-align: justify;\">\n<li>Veh\u00edculo con ambas placas del estado de Tlaxcala.<\/li>\n<li>Factura original del veh\u00edculo.<\/li>\n<li>Tarjeta de circulaci\u00f3n original.<\/li>\n<li>En caso de veh\u00edculo refacturado: copia de la factura original.<\/li>\n<li>Si se trata de carta factura: copia de la carta factura sin valor e INE del propietario.<\/li>\n<li>Si el propietario no puede acudir: INE original de quien presente la unidad y copia de la INE del propietario.<\/li>\n<\/ul>\n<p style=\"text-align: justify;\">El Gobierno Municipal de Zacatelco invita a la ciudadan\u00eda a aprovechar esta jornada totalmente gratuita, como parte de las acciones coordinadas para fortalecer la prevenci\u00f3n del delito y la seguridad de las unidades vehiculares.<\/p>\n<\/div>\n<\/div>\n<\/div>\n<div id=\":pq\" class=\"hq gt \" style=\"text-align: justify;\"><\/div>\n<div><img loading=\"lazy\" decoding=\"async\" class=\"aligncenter wp-image-79046 size-large\" src=\"https:\/\/labestiapolitica.com.mx\/wp-content\/uploads\/2026\/07\/AJ-uni-819x1024.jpeg\" alt=\"\" width=\"640\" height=\"800\" srcset=\"https:\/\/labestiapolitica.com.mx\/wp-content\/uploads\/2026\/07\/AJ-uni-819x1024.jpeg 819w, https:\/\/labestiapolitica.com.mx\/wp-content\/uploads\/2026\/07\/AJ-uni-240x300.jpeg 240w, https:\/\/labestiapolitica.com.mx\/wp-content\/uploads\/2026\/07\/AJ-uni-768x960.jpeg 768w, https:\/\/labestiapolitica.com.mx\/wp-content\/uploads\/2026\/07\/AJ-uni.jpeg 1080w\" sizes=\"auto, (max-width: 640px) 100vw, 640px\" \/><\/div>\n","protected":false},"excerpt":{"rendered":"<p>La jornada se realizar\u00e1 el 1 y 2 de septiembre frente a la Presidencia Municipal, de 8:30 a 16:00 horas. Con el objetivo de fortalecer las acciones preventivas contra el robo de veh\u00edculos y brindar mayor certeza a las y los propietarios, el Gobierno Municipal de Zacatelco, a trav\u00e9s de la Direcci\u00f3n de Seguridad P\u00fablica [&hellip;]<\/p>\n","protected":false},"author":5,"featured_media":84118,"comment_status":"open","ping_status":"open","sticky":false,"template":"","format":"standard","meta":{"footnotes":""},"categories":[216,217],"tags":[],"class_list":["post-84117","post","type-post","status-publish","format-standard","has-post-thumbnail","hentry","category-municipios","category-zacatelco"],"amp_enabled":true,"_links":{"self":[{"href":"https:\/\/labestiapolitica.com.mx\/index.php?rest_route=\/wp\/v2\/posts\/84117","targetHints":{"allow":["GET"]}}],"collection":[{"href":"https:\/\/labestiapolitica.com.mx\/index.php?rest_route=\/wp\/v2\/posts"}],"about":[{"href":"https:\/\/labestiapolitica.com.mx\/index.php?rest_route=\/wp\/v2\/types\/post"}],"author":[{"embeddable":true,"href":"https:\/\/labestiapolitica.com.mx\/index.php?rest_route=\/wp\/v2\/users\/5"}],"replies":[{"embeddable":true,"href":"https:\/\/labestiapolitica.com.mx\/index.php?rest_route=%2Fwp%2Fv2%2Fcomments&post=84117"}],"version-history":[{"count":1,"href":"https:\/\/labestiapolitica.com.mx\/index.php?rest_route=\/wp\/v2\/posts\/84117\/revisions"}],"predecessor-version":[{"id":84119,"href":"https:\/\/labestiapolitica.com.mx\/index.php?rest_route=\/wp\/v2\/posts\/84117\/revisions\/84119"}],"wp:featuredmedia":[{"embeddable":true,"href":"https:\/\/labestiapolitica.com.mx\/index.php?rest_route=\/wp\/v2\/media\/84118"}],"wp:attachment":[{"href":"https:\/\/labestiapolitica.com.mx\/index.php?rest_route=%2Fwp%2Fv2%2Fmedia&parent=84117"}],"wp:term":[{"taxonomy":"category","embeddable":true,"href":"https:\/\/labestiapolitica.com.mx\/index.php?rest_route=%2Fwp%2Fv2%2Fcategories&post=84117"},{"taxonomy":"post_tag","embeddable":true,"href":"https:\/\/labestiapolitica.com.mx\/index.php?rest_route=%2Fwp%2Fv2%2Ftags&post=84117"}],"curies":[{"name":"wp","href":"https:\/\/api.w.org\/{rel}","templated":true}]}}