{"id":84120,"date":"2026-08-31T17:15:09","date_gmt":"2026-08-31T23:15:09","guid":{"rendered":"https:\/\/labestiapolitica.com.mx\/?p=84120"},"modified":"2026-08-31T17:22:21","modified_gmt":"2026-08-31T23:22:21","slug":"reparten-propaganda-a-favor-de-ana-lilia-rivera-y-denuncian-supuesta-campana-negra","status":"publish","type":"post","link":"https:\/\/labestiapolitica.com.mx\/?p=84120","title":{"rendered":"Reparten propaganda a favor de Ana Lilia Rivera y denuncian supuesta \u201ccampa\u00f1a negra\u201d."},"content":{"rendered":"<ul>\n<li style=\"text-align: justify;\">Material impreso que circula en la entidad promueve la trayectoria de la senadora de Morena, la presenta como uno de los perfiles rumbo a 2027 y asegura que enfrenta una supuesta estrategia de desprestigio.<\/li>\n<\/ul>\n<p style=\"text-align: justify;\"><em><strong>Mariana LOVERA<\/strong><\/em> | En medio de la creciente disputa interna de Morena por la sucesi\u00f3n gubernamental de 2027, comenz\u00f3 a circular en Tlaxcala propaganda impresa a favor de la senadora con licencia Ana Lilia Rivera Rivera, en la que, adem\u00e1s de promover su trayectoria y posicionamiento pol\u00edtico, se denuncia una supuesta \u201ccampa\u00f1a negra\u201d o \u201cguerra sucia\u201d en su contra.<\/p>\n<p style=\"text-align: justify;\">Los materiales presentan a Rivera como \u201cprincipal fundadora de Morena en Tlaxcala\u201d y \u201cel mejor perfil\u201d para encabezar la llamada Coordinaci\u00f3n de la Transformaci\u00f3n y de la Soberan\u00eda Nacional en la entidad.<\/p>\n<p style=\"text-align: justify;\">Una de las piezas lleva como mensaje central: \u201cNo caigas en la guerra sucia contra Ana Lilia Rivera\u201d, mientras otra pregunta directamente \u201c\u00bfPor qu\u00e9 arrecia la guerra sucia?\u201d y sostiene que la legisladora estar\u00eda siendo objeto de campa\u00f1as de desprestigio, desinformaci\u00f3n y ataques debido a su posicionamiento pol\u00edtico.<\/p>\n<p style=\"text-align: justify;\">La propaganda incluso construye una narrativa en la que se\u00f1ala que anteriormente existieron ataques contra Andr\u00e9s Manuel L\u00f3pez Obrador y posteriormente contra Claudia Sheinbaum, para asegurar que ahora esa misma estrategia estar\u00eda dirigida contra Rivera.<\/p>\n<p style=\"text-align: justify;\">Adem\u00e1s, uno de los impresos llama a simpatizantes a \u201csumar su fuerza para defender la verdad\u201d y atribuye la difusi\u00f3n del material a una denominada \u201cRed Ciudadana en Defensa del Bien Com\u00fan\u201d.<\/p>\n<p style=\"text-align: justify;\">Los documentos tambi\u00e9n incluyen referencias a la trayectoria pol\u00edtica de la senadora, resultados legislativos, programas y acciones que le atribuyen, as\u00ed como mediciones de opini\u00f3n que pretenden colocarla entre los perfiles con mayor aceptaci\u00f3n.<\/p>\n<p style=\"text-align: justify;\">La aparici\u00f3n de estos materiales ocurre mientras distintos grupos de Morena intensifican reuniones, recorridos, estructuras territoriales y estrategias de posicionamiento rumbo a la coordinaci\u00f3n de la 4T en la entidad.<\/p>\n<p style=\"text-align: justify;\">La distribuci\u00f3n de los impresos tambi\u00e9n deja preguntas abiertas: qui\u00e9n financia la estrategia, cu\u00e1ntos ejemplares fueron producidos, cu\u00e1l ser\u00e1 su alcance territorial y qui\u00e9nes integran la organizaci\u00f3n que aparece firmando parte de la propaganda.<\/p>\n<p>&nbsp;<\/p>\n<p><img loading=\"lazy\" decoding=\"async\" class=\"aligncenter wp-image-79046 size-large\" src=\"https:\/\/labestiapolitica.com.mx\/wp-content\/uploads\/2026\/07\/AJ-uni-819x1024.jpeg\" alt=\"\" width=\"640\" height=\"800\" srcset=\"https:\/\/labestiapolitica.com.mx\/wp-content\/uploads\/2026\/07\/AJ-uni-819x1024.jpeg 819w, https:\/\/labestiapolitica.com.mx\/wp-content\/uploads\/2026\/07\/AJ-uni-240x300.jpeg 240w, https:\/\/labestiapolitica.com.mx\/wp-content\/uploads\/2026\/07\/AJ-uni-768x960.jpeg 768w, https:\/\/labestiapolitica.com.mx\/wp-content\/uploads\/2026\/07\/AJ-uni.jpeg 1080w\" sizes=\"auto, (max-width: 640px) 100vw, 640px\" \/><\/p>\n","protected":false},"excerpt":{"rendered":"<p>Material impreso que circula en la entidad promueve la trayectoria de la senadora de Morena, la presenta como uno de los perfiles rumbo a 2027 y asegura que enfrenta una supuesta estrategia de desprestigio. Mariana LOVERA | En medio de la creciente disputa interna de Morena por la sucesi\u00f3n gubernamental de 2027, comenz\u00f3 a circular [&hellip;]<\/p>\n","protected":false},"author":6,"featured_media":84121,"comment_status":"open","ping_status":"open","sticky":false,"template":"","format":"standard","meta":{"footnotes":""},"categories":[3,247],"tags":[],"class_list":["post-84120","post","type-post","status-publish","format-standard","has-post-thumbnail","hentry","category-8-columnas","category-politica"],"amp_enabled":true,"_links":{"self":[{"href":"https:\/\/labestiapolitica.com.mx\/index.php?rest_route=\/wp\/v2\/posts\/84120","targetHints":{"allow":["GET"]}}],"collection":[{"href":"https:\/\/labestiapolitica.com.mx\/index.php?rest_route=\/wp\/v2\/posts"}],"about":[{"href":"https:\/\/labestiapolitica.com.mx\/index.php?rest_route=\/wp\/v2\/types\/post"}],"author":[{"embeddable":true,"href":"https:\/\/labestiapolitica.com.mx\/index.php?rest_route=\/wp\/v2\/users\/6"}],"replies":[{"embeddable":true,"href":"https:\/\/labestiapolitica.com.mx\/index.php?rest_route=%2Fwp%2Fv2%2Fcomments&post=84120"}],"version-history":[{"count":1,"href":"https:\/\/labestiapolitica.com.mx\/index.php?rest_route=\/wp\/v2\/posts\/84120\/revisions"}],"predecessor-version":[{"id":84122,"href":"https:\/\/labestiapolitica.com.mx\/index.php?rest_route=\/wp\/v2\/posts\/84120\/revisions\/84122"}],"wp:featuredmedia":[{"embeddable":true,"href":"https:\/\/labestiapolitica.com.mx\/index.php?rest_route=\/wp\/v2\/media\/84121"}],"wp:attachment":[{"href":"https:\/\/labestiapolitica.com.mx\/index.php?rest_route=%2Fwp%2Fv2%2Fmedia&parent=84120"}],"wp:term":[{"taxonomy":"category","embeddable":true,"href":"https:\/\/labestiapolitica.com.mx\/index.php?rest_route=%2Fwp%2Fv2%2Fcategories&post=84120"},{"taxonomy":"post_tag","embeddable":true,"href":"https:\/\/labestiapolitica.com.mx\/index.php?rest_route=%2Fwp%2Fv2%2Ftags&post=84120"}],"curies":[{"name":"wp","href":"https:\/\/api.w.org\/{rel}","templated":true}]}}