{"id":84126,"date":"2026-08-31T17:27:58","date_gmt":"2026-08-31T23:27:58","guid":{"rendered":"https:\/\/labestiapolitica.com.mx\/?p=84126"},"modified":"2026-08-31T17:28:12","modified_gmt":"2026-08-31T23:28:12","slug":"alcalde-carlos-lopez-suarez-acompano-el-inicio-del-ciclo-escolar-2026-2027-en-la-capital","status":"publish","type":"post","link":"https:\/\/labestiapolitica.com.mx\/?p=84126","title":{"rendered":"Alcalde Carlos L\u00f3pez Su\u00e1rez acompa\u00f1\u00f3 el inicio del ciclo escolar 2026-2027 en la capital."},"content":{"rendered":"<p style=\"text-align: justify;\">El presidente municipal de Tlaxcala, Carlos L\u00f3pez Su\u00e1rez, acompa\u00f1\u00f3 a la comunidad educativa de la Escuela Secundaria T\u00e9cnica N\u00famero 36 \u201cIngeniero Guillermo Gonz\u00e1lez Camarena\u201d durante la inauguraci\u00f3n del ciclo escolar 2026-2027, en un acto que encabez\u00f3 la Gobernadora Lorena Cu\u00e9llar Cisneros, y que reuni\u00f3 a autoridades de los distintos \u00f3rdenes de gobierno, docentes, estudiantes y familias.<\/p>\n<p style=\"text-align: justify;\">La bienvenida estuvo a cargo de la Directora de la Escuela Secundaria T\u00e9cnica No 36, Ivonne P\u00e9rez Castillo y durante la ceremonia, destac\u00f3 la presencia de la gobernadora, cuya administraci\u00f3n dot\u00f3 a este plantel de una nueva techumbre, infraestructura que representa un beneficio directo para la comunidad.<\/p>\n<p style=\"text-align: justify;\">Tras el evento protocolario, el presidente municipal de Tlaxcala resalt\u00f3 que la educaci\u00f3n constituye un elemento fundamental para la transformaci\u00f3n de las personas y las comunidades, al tiempo que reconoci\u00f3 el papel de maestras y maestros como parte esencial del proceso formativo.<\/p>\n<p style=\"text-align: justify;\">En esta ocasi\u00f3n destac\u00f3 la presencia del Secretario de Educaci\u00f3n P\u00fablica del Estado, Jos\u00e9 Alonso Trujillo Dom\u00ednguez; la Coordinadora Nacional de Enlaces Educativos, Cristina Cruz Cruz (en representaci\u00f3n del titular de la SEP Federal); y el Presidente de la Mesa Directiva del Congreso del Estado, Emilio de la Pe\u00f1a Aponte.<\/p>\n<p>&nbsp;<\/p>\n<p><img loading=\"lazy\" decoding=\"async\" class=\"aligncenter wp-image-79046 size-large\" src=\"https:\/\/labestiapolitica.com.mx\/wp-content\/uploads\/2026\/07\/AJ-uni-819x1024.jpeg\" alt=\"\" width=\"640\" height=\"800\" srcset=\"https:\/\/labestiapolitica.com.mx\/wp-content\/uploads\/2026\/07\/AJ-uni-819x1024.jpeg 819w, https:\/\/labestiapolitica.com.mx\/wp-content\/uploads\/2026\/07\/AJ-uni-240x300.jpeg 240w, https:\/\/labestiapolitica.com.mx\/wp-content\/uploads\/2026\/07\/AJ-uni-768x960.jpeg 768w, https:\/\/labestiapolitica.com.mx\/wp-content\/uploads\/2026\/07\/AJ-uni.jpeg 1080w\" sizes=\"auto, (max-width: 640px) 100vw, 640px\" \/><\/p>\n","protected":false},"excerpt":{"rendered":"<p>El presidente municipal de Tlaxcala, Carlos L\u00f3pez Su\u00e1rez, acompa\u00f1\u00f3 a la comunidad educativa de la Escuela Secundaria T\u00e9cnica N\u00famero 36 \u201cIngeniero Guillermo Gonz\u00e1lez Camarena\u201d durante la inauguraci\u00f3n del ciclo escolar 2026-2027, en un acto que encabez\u00f3 la Gobernadora Lorena Cu\u00e9llar Cisneros, y que reuni\u00f3 a autoridades de los distintos \u00f3rdenes de gobierno, docentes, estudiantes y [&hellip;]<\/p>\n","protected":false},"author":5,"featured_media":84127,"comment_status":"open","ping_status":"open","sticky":false,"template":"","format":"standard","meta":{"footnotes":""},"categories":[216,214],"tags":[],"class_list":["post-84126","post","type-post","status-publish","format-standard","has-post-thumbnail","hentry","category-municipios","category-tlaxcala-capital"],"amp_enabled":true,"_links":{"self":[{"href":"https:\/\/labestiapolitica.com.mx\/index.php?rest_route=\/wp\/v2\/posts\/84126","targetHints":{"allow":["GET"]}}],"collection":[{"href":"https:\/\/labestiapolitica.com.mx\/index.php?rest_route=\/wp\/v2\/posts"}],"about":[{"href":"https:\/\/labestiapolitica.com.mx\/index.php?rest_route=\/wp\/v2\/types\/post"}],"author":[{"embeddable":true,"href":"https:\/\/labestiapolitica.com.mx\/index.php?rest_route=\/wp\/v2\/users\/5"}],"replies":[{"embeddable":true,"href":"https:\/\/labestiapolitica.com.mx\/index.php?rest_route=%2Fwp%2Fv2%2Fcomments&post=84126"}],"version-history":[{"count":2,"href":"https:\/\/labestiapolitica.com.mx\/index.php?rest_route=\/wp\/v2\/posts\/84126\/revisions"}],"predecessor-version":[{"id":84129,"href":"https:\/\/labestiapolitica.com.mx\/index.php?rest_route=\/wp\/v2\/posts\/84126\/revisions\/84129"}],"wp:featuredmedia":[{"embeddable":true,"href":"https:\/\/labestiapolitica.com.mx\/index.php?rest_route=\/wp\/v2\/media\/84127"}],"wp:attachment":[{"href":"https:\/\/labestiapolitica.com.mx\/index.php?rest_route=%2Fwp%2Fv2%2Fmedia&parent=84126"}],"wp:term":[{"taxonomy":"category","embeddable":true,"href":"https:\/\/labestiapolitica.com.mx\/index.php?rest_route=%2Fwp%2Fv2%2Fcategories&post=84126"},{"taxonomy":"post_tag","embeddable":true,"href":"https:\/\/labestiapolitica.com.mx\/index.php?rest_route=%2Fwp%2Fv2%2Ftags&post=84126"}],"curies":[{"name":"wp","href":"https:\/\/api.w.org\/{rel}","templated":true}]}}