{"id":84131,"date":"2026-08-31T17:46:57","date_gmt":"2026-08-31T23:46:57","guid":{"rendered":"https:\/\/labestiapolitica.com.mx\/?p=84131"},"modified":"2026-08-31T17:46:57","modified_gmt":"2026-08-31T23:46:57","slug":"precisan-informacion-sobre-predio-destinado-al-mercado-municipal-de-la-magdalena-tlaltelulco","status":"publish","type":"post","link":"https:\/\/labestiapolitica.com.mx\/?p=84131","title":{"rendered":"Precisan informaci\u00f3n sobre predio destinado al Mercado Municipal de La Magdalena Tlaltelulco."},"content":{"rendered":"<p style=\"text-align: justify;\"><em><strong>Mariana LOVERA<\/strong><\/em> | En atenci\u00f3n al derecho de r\u00e9plica y como parte del seguimiento informativo al proyecto del Mercado Municipal de La Magdalena Tlaltelulco, se dio a conocer una aclaraci\u00f3n p\u00fablica respecto de informaci\u00f3n difundida previamente sobre la adquisici\u00f3n del predio destinado a esta obra.<\/p>\n<p style=\"text-align: justify;\">La precisi\u00f3n surgi\u00f3 luego de que el medio que originalmente public\u00f3 la informaci\u00f3n realizara nuevas verificaciones sobre los datos relacionados con el terreno, particularmente respecto de sus dimensiones.<\/p>\n<p style=\"text-align: justify;\">De acuerdo con la informaci\u00f3n rectificada, el predio tiene una superficie de 20 metros de ancho por 64.50 metros de largo, equivalente a mil 290 metros cuadrados.<\/p>\n<p style=\"text-align: justify;\">Asimismo, se aclar\u00f3 que no existen elementos que sustenten la versi\u00f3n difundida anteriormente en el sentido de que una parte del terreno ser\u00eda destinada a la construcci\u00f3n de locales para beneficio particular de la presidenta municipal, Roc\u00edo Mel\u00e9ndez Pluma.<\/p>\n<p style=\"text-align: justify;\">La informaci\u00f3n corregida establece que la adquisici\u00f3n del inmueble est\u00e1 vinculada con el proyecto para contar con un Mercado Municipal, infraestructura planteada para atender una necesidad de la poblaci\u00f3n y generar un espacio adecuado para el desarrollo de actividades comerciales en beneficio de los habitantes de La Magdalena Tlaltelulco.<\/p>\n<p style=\"text-align: justify;\">Como parte de la rectificaci\u00f3n, el medio responsable de la publicaci\u00f3n inicial ofreci\u00f3 una disculpa p\u00fablica a su audiencia y a las personas involucradas, al reconocer que la informaci\u00f3n difundida anteriormente conten\u00eda datos inexactos y pudo generar confusi\u00f3n.<\/p>\n<p style=\"text-align: justify;\">El caso tambi\u00e9n pone de relieve la importancia del derecho de r\u00e9plica y de la precisi\u00f3n informativa, particularmente cuando una publicaci\u00f3n involucra a servidores p\u00fablicos, proyectos de infraestructura y recursos destinados a atender necesidades de la poblaci\u00f3n<\/p>\n<p style=\"text-align: justify;\">La aclaraci\u00f3n representa, adem\u00e1s, un ejercicio de responsabilidad period\u00edstica al reconocer un error, corregir los datos y hacer del conocimiento p\u00fablico la informaci\u00f3n verificada.+<\/p>\n<p style=\"text-align: justify;\">En este sentido, el seguimiento del tema se mantiene desde una perspectiva informativa y objetiva, considerando tanto la informaci\u00f3n difundida inicialmente como las precisiones posteriores, con el prop\u00f3sito de que la ciudadan\u00eda cuente con elementos claros para conocer el proyecto del Mercado Municipal y las caracter\u00edsticas del predio adquirido para su desarrollo.<\/p>\n","protected":false},"excerpt":{"rendered":"<p>Mariana LOVERA | En atenci\u00f3n al derecho de r\u00e9plica y como parte del seguimiento informativo al proyecto del Mercado Municipal de La Magdalena Tlaltelulco, se dio a conocer una aclaraci\u00f3n p\u00fablica respecto de informaci\u00f3n difundida previamente sobre la adquisici\u00f3n del predio destinado a esta obra. La precisi\u00f3n surgi\u00f3 luego de que el medio que originalmente [&hellip;]<\/p>\n","protected":false},"author":3,"featured_media":84132,"comment_status":"open","ping_status":"open","sticky":false,"template":"","format":"standard","meta":{"footnotes":""},"categories":[218,216],"tags":[],"class_list":["post-84131","post","type-post","status-publish","format-standard","has-post-thumbnail","hentry","category-la-magdalena-tlaltelulco","category-municipios"],"amp_enabled":true,"_links":{"self":[{"href":"https:\/\/labestiapolitica.com.mx\/index.php?rest_route=\/wp\/v2\/posts\/84131","targetHints":{"allow":["GET"]}}],"collection":[{"href":"https:\/\/labestiapolitica.com.mx\/index.php?rest_route=\/wp\/v2\/posts"}],"about":[{"href":"https:\/\/labestiapolitica.com.mx\/index.php?rest_route=\/wp\/v2\/types\/post"}],"author":[{"embeddable":true,"href":"https:\/\/labestiapolitica.com.mx\/index.php?rest_route=\/wp\/v2\/users\/3"}],"replies":[{"embeddable":true,"href":"https:\/\/labestiapolitica.com.mx\/index.php?rest_route=%2Fwp%2Fv2%2Fcomments&post=84131"}],"version-history":[{"count":1,"href":"https:\/\/labestiapolitica.com.mx\/index.php?rest_route=\/wp\/v2\/posts\/84131\/revisions"}],"predecessor-version":[{"id":84133,"href":"https:\/\/labestiapolitica.com.mx\/index.php?rest_route=\/wp\/v2\/posts\/84131\/revisions\/84133"}],"wp:featuredmedia":[{"embeddable":true,"href":"https:\/\/labestiapolitica.com.mx\/index.php?rest_route=\/wp\/v2\/media\/84132"}],"wp:attachment":[{"href":"https:\/\/labestiapolitica.com.mx\/index.php?rest_route=%2Fwp%2Fv2%2Fmedia&parent=84131"}],"wp:term":[{"taxonomy":"category","embeddable":true,"href":"https:\/\/labestiapolitica.com.mx\/index.php?rest_route=%2Fwp%2Fv2%2Fcategories&post=84131"},{"taxonomy":"post_tag","embeddable":true,"href":"https:\/\/labestiapolitica.com.mx\/index.php?rest_route=%2Fwp%2Fv2%2Ftags&post=84131"}],"curies":[{"name":"wp","href":"https:\/\/api.w.org\/{rel}","templated":true}]}}