{"id":84134,"date":"2026-08-31T19:24:49","date_gmt":"2026-09-01T01:24:49","guid":{"rendered":"https:\/\/labestiapolitica.com.mx\/?p=84134"},"modified":"2026-08-31T19:24:49","modified_gmt":"2026-09-01T01:24:49","slug":"encabeza-rector-de-la-uatx-entrega-de-constancias-a-192-egresados-de-ciencias-de-la-educacion","status":"publish","type":"post","link":"https:\/\/labestiapolitica.com.mx\/?p=84134","title":{"rendered":"Encabeza Rector de la UATx entrega de constancias a 192 egresados de Ciencias de la Educaci\u00f3n."},"content":{"rendered":"<ul>\n<li style=\"text-align: justify;\">Los exhort\u00f3 para ayudar a otros a llegar a su autorrealizaci\u00f3n personal<\/li>\n<\/ul>\n<p style=\"font-weight: 400; text-align: justify;\">La autorrealizaci\u00f3n como eje rector del Modelo Humanista Integrador basado en Capacidades (MHIC) les ha permitido concluir sus estudios superiores para servir con el coraz\u00f3n a la educaci\u00f3n y contribuir a la transformaci\u00f3n de la sociedad, asegur\u00f3 el Maestro Alejandro Palma Su\u00e1rez, Rector de la Universidad Aut\u00f3noma de Tlaxcala (UATx), al presidir\u00a0 la ceremonia de graduaci\u00f3n de 192 egresados de las licenciaturas en Ciencias de la Educaci\u00f3n, Comunicaci\u00f3n\u00a0 e Innovaci\u00f3n Educativa y de Educaci\u00f3n Inicial y Gesti\u00f3n de Instituciones, generaci\u00f3n 2022-2026, de la Facultad de Ciencias de la Educaci\u00f3n.<\/p>\n<p style=\"font-weight: 400; text-align: justify;\">Ante tutores, familiares, amigos, estructura directiva de la Instituci\u00f3n y de la Facultad, en el Centro Cultural Universitario, el Maestro Alejandro Palma recalc\u00f3 que la autorrealizaci\u00f3n es un proceso que no acaba nunca, \u00a0y a partir de este momento inicia una nueva etapa marcada por la responsabilidad de llevar conocimiento \u00a0a donde existe ignorancia y cimentar valores como la esperanza, el di\u00e1logo y la solidaridad.<\/p>\n<p style=\"font-weight: 400; text-align: justify;\">El Rector conmin\u00f3 a los graduados a caminar por la ruta de la consolidaci\u00f3n profesional, con el coraz\u00f3n dispuesto a servir y con su constancia y t\u00edtulo en mano pero, sobre todo, con la educaci\u00f3n en el alma para\u00a0ayudar a otros a llegar a su autorrealizaci\u00f3n personal. Dijo a los educandos que a donde vayan hagan de la educaci\u00f3n una esperanza, de su profesi\u00f3n un acto de humanidad y sean congruentes con sus acciones, porque el futuro de la educaci\u00f3n est\u00e1 en cada uno de estos profesionales.<\/p>\n<p style=\"font-weight: 400; text-align: justify;\">Por su parte, el Maestro Alejandro Pilar Molina Badillo, Director de la Facultad de Ciencias de la Educaci\u00f3n, indic\u00f3 que este acto permite celebrar que una nueva generaci\u00f3n de profesionales de la educaci\u00f3n est\u00e1 preparada para llevar fuera de las aulas los conocimientos, capacidades y principios que han construido en la UATx, porque les dio las herramientas profesionales, experiencias y sabidur\u00eda.<\/p>\n<p style=\"font-weight: 400; text-align: justify;\">Abund\u00f3 que el MHIC propone formar personas cr\u00edticas, responsables, conscientes de su entorno para contribuir al bienestar de los dem\u00e1s, lo cual se consolida a trav\u00e9s de la educaci\u00f3n, considerando que la sociedad necesita de profesionales capaces de comprender las profundas transformaciones que experimenta la educaci\u00f3n y construir respuestas ante los retos que se enfrentan.<\/p>\n<p style=\"font-weight: 400; text-align: justify;\">En tanto, Viridiana Bautista Xochitemotl, en representaci\u00f3n de los egresados generaci\u00f3n 2022-2026, mencion\u00f3 que durante su formaci\u00f3n conocieron un modelo educativo a trav\u00e9s del cual tuvieron presente que la Universidad busca formar a profesionistas capaces de desempe\u00f1ar una actividad laboral y les plantea un reto mayor\u00a0 para desempe\u00f1arse como personas cr\u00edticas, responsables y capaces de utilizar el conocimiento con \u00e9tica y compromiso social.<\/p>\n<p style=\"font-weight: 400; text-align: justify;\">\u00a0En esta emotiva ceremonia de graduaci\u00f3n se entregaron nueve reconocimientos a los alumnos que obtuvieron un alto promedio en los programas de Ciencias de la Educaci\u00f3n, Comunicaci\u00f3n e Innovaci\u00f3n Educativa, y Educaci\u00f3n Inicial y Gesti\u00f3n de Instituciones.<\/p>\n<p>&nbsp;<\/p>\n<p><img loading=\"lazy\" decoding=\"async\" class=\"aligncenter wp-image-79046 size-large\" src=\"https:\/\/labestiapolitica.com.mx\/wp-content\/uploads\/2026\/07\/AJ-uni-819x1024.jpeg\" alt=\"\" width=\"640\" height=\"800\" srcset=\"https:\/\/labestiapolitica.com.mx\/wp-content\/uploads\/2026\/07\/AJ-uni-819x1024.jpeg 819w, https:\/\/labestiapolitica.com.mx\/wp-content\/uploads\/2026\/07\/AJ-uni-240x300.jpeg 240w, https:\/\/labestiapolitica.com.mx\/wp-content\/uploads\/2026\/07\/AJ-uni-768x960.jpeg 768w, https:\/\/labestiapolitica.com.mx\/wp-content\/uploads\/2026\/07\/AJ-uni.jpeg 1080w\" sizes=\"auto, (max-width: 640px) 100vw, 640px\" \/><\/p>\n","protected":false},"excerpt":{"rendered":"<p>Los exhort\u00f3 para ayudar a otros a llegar a su autorrealizaci\u00f3n personal La autorrealizaci\u00f3n como eje rector del Modelo Humanista Integrador basado en Capacidades (MHIC) les ha permitido concluir sus estudios superiores para servir con el coraz\u00f3n a la educaci\u00f3n y contribuir a la transformaci\u00f3n de la sociedad, asegur\u00f3 el Maestro Alejandro Palma Su\u00e1rez, Rector [&hellip;]<\/p>\n","protected":false},"author":3,"featured_media":84135,"comment_status":"open","ping_status":"open","sticky":false,"template":"","format":"standard","meta":{"footnotes":""},"categories":[213,241],"tags":[],"class_list":["post-84134","post","type-post","status-publish","format-standard","has-post-thumbnail","hentry","category-educacion","category-uatx"],"amp_enabled":true,"_links":{"self":[{"href":"https:\/\/labestiapolitica.com.mx\/index.php?rest_route=\/wp\/v2\/posts\/84134","targetHints":{"allow":["GET"]}}],"collection":[{"href":"https:\/\/labestiapolitica.com.mx\/index.php?rest_route=\/wp\/v2\/posts"}],"about":[{"href":"https:\/\/labestiapolitica.com.mx\/index.php?rest_route=\/wp\/v2\/types\/post"}],"author":[{"embeddable":true,"href":"https:\/\/labestiapolitica.com.mx\/index.php?rest_route=\/wp\/v2\/users\/3"}],"replies":[{"embeddable":true,"href":"https:\/\/labestiapolitica.com.mx\/index.php?rest_route=%2Fwp%2Fv2%2Fcomments&post=84134"}],"version-history":[{"count":1,"href":"https:\/\/labestiapolitica.com.mx\/index.php?rest_route=\/wp\/v2\/posts\/84134\/revisions"}],"predecessor-version":[{"id":84136,"href":"https:\/\/labestiapolitica.com.mx\/index.php?rest_route=\/wp\/v2\/posts\/84134\/revisions\/84136"}],"wp:featuredmedia":[{"embeddable":true,"href":"https:\/\/labestiapolitica.com.mx\/index.php?rest_route=\/wp\/v2\/media\/84135"}],"wp:attachment":[{"href":"https:\/\/labestiapolitica.com.mx\/index.php?rest_route=%2Fwp%2Fv2%2Fmedia&parent=84134"}],"wp:term":[{"taxonomy":"category","embeddable":true,"href":"https:\/\/labestiapolitica.com.mx\/index.php?rest_route=%2Fwp%2Fv2%2Fcategories&post=84134"},{"taxonomy":"post_tag","embeddable":true,"href":"https:\/\/labestiapolitica.com.mx\/index.php?rest_route=%2Fwp%2Fv2%2Ftags&post=84134"}],"curies":[{"name":"wp","href":"https:\/\/api.w.org\/{rel}","templated":true}]}}