{"id":84137,"date":"2026-08-31T19:29:53","date_gmt":"2026-09-01T01:29:53","guid":{"rendered":"https:\/\/labestiapolitica.com.mx\/?p=84137"},"modified":"2026-08-31T19:29:53","modified_gmt":"2026-09-01T01:29:53","slug":"anuncian-denuncias-contra-funcionarios-de-apizaco-por-presunto-abuso-de-autoridad","status":"publish","type":"post","link":"https:\/\/labestiapolitica.com.mx\/?p=84137","title":{"rendered":"Anuncian denuncias contra funcionarios de Apizaco por presunto abuso de autoridad."},"content":{"rendered":"<ul>\n<li style=\"text-align: justify;\">Comerciantes acusaron al coordinador de Industria y Comercio Benito Ricardo Rojas Salda\u00f1a de intervenir de manera irregular contra vendedores<\/li>\n<li style=\"text-align: justify;\">El alcalde Javier Rivera Bonilla defendi\u00f3 la actuaci\u00f3n del funcionario y dijo estar dispuesto a asumir el costo pol\u00edtico de mantenerlo en el cargo<\/li>\n<\/ul>\n<p style=\"text-align: justify;\"><em><strong>Daniel Angulo<\/strong><\/em> | A d\u00edas de reincorporarse tras una suspensi\u00f3n de ocho d\u00edas por un operativo contra una vendedora ambulante, el coordinador de Industria y Comercio de Apizaco, Benito Ricardo Rojas, volvi\u00f3 a verse involucrado en un conflicto con comerciantes que podr\u00eda derivar en denuncias penales.<\/p>\n<p style=\"text-align: justify;\">La nueva confrontaci\u00f3n ocurri\u00f3 este fin de semana y qued\u00f3 registrada en un video que circul\u00f3 en redes sociales; de acuerdo con la versi\u00f3n difundida por el abogado Jes\u00fas Ortega, quien asumi\u00f3 la representaci\u00f3n de las personas involucradas, tambi\u00e9n estar\u00eda relacionado con los hechos el director de la Direcci\u00f3n de Seguridad P\u00fablica municipal.<\/p>\n<p style=\"text-align: justify;\">El litigante sostuvo que los comerciantes cuestionaron a Rojas por el retiro de una credencial que, seg\u00fan su versi\u00f3n, les permit\u00eda vender en el mercado Guadalupe.<\/p>\n<p style=\"text-align: justify;\">Resultado de este reclamo, el funcionario municipal protagoniz\u00f3 una ri\u00f1a con uno de lo vendedores que se dice afectado identificado como \u201cEl Kevin\u201d; ademas, otro comerciante de nombre Gabino N., acus\u00f3 una intervenci\u00f3n irregular por parte de la polic\u00eda municipal, ya que fue detenido sin tener participaci\u00f3n en los hechos, incluso para obtener su libertad tuvo que pagar 6 mil pesos.<\/p>\n<p style=\"text-align: justify;\">El asesor jur\u00eddico adelant\u00f3 que los hechos ser\u00e1n llevados ante las autoridades correspondientes, incluida la Fiscal\u00eda Especializada en Combate a la Corrupci\u00f3n, adem\u00e1s de que se buscar\u00e1 presentar el se\u00f1alamiento por la v\u00eda interna ante el Ayuntamiento de Apizaco.<\/p>\n<p style=\"text-align: justify;\">\u201cVamos a denunciar por el abuso de autoridad\u201d, sostuvo el abogado en el video difundido en redes sociales, al tiempo que cuestion\u00f3 la actuaci\u00f3n de los funcionarios municipales.<\/p>\n<p style=\"text-align: justify;\">Frente al nuevo se\u00f1alamiento, el presidente municipal de Apizaco, Javier Rivera Bonilla, mantuvo su respaldo a Rojas y sostuvo que el funcionario \u00fanicamente se encontraba realizando su trabajo de ordenamiento del comercio en la v\u00eda p\u00fablica cuando fue atacado \u201csalvajemente\u201d.<\/p>\n<p style=\"text-align: justify;\">El alcalde se\u00f1al\u00f3 que los hechos se encuentran bajo investigaci\u00f3n y afirm\u00f3 que est\u00e1 dispuesto a asumir el costo pol\u00edtico de mantener al funcionario al frente de la Coordinaci\u00f3n de Industria y Comercio, pese a los cuestionamientos que nuevamente pesan sobre su actuaci\u00f3n.<\/p>\n","protected":false},"excerpt":{"rendered":"<p>Comerciantes acusaron al coordinador de Industria y Comercio Benito Ricardo Rojas Salda\u00f1a de intervenir de manera irregular contra vendedores El alcalde Javier Rivera Bonilla defendi\u00f3 la actuaci\u00f3n del funcionario y dijo estar dispuesto a asumir el costo pol\u00edtico de mantenerlo en el cargo Daniel Angulo | A d\u00edas de reincorporarse tras una suspensi\u00f3n de ocho [&hellip;]<\/p>\n","protected":false},"author":3,"featured_media":84138,"comment_status":"open","ping_status":"open","sticky":false,"template":"","format":"standard","meta":{"footnotes":""},"categories":[3,12],"tags":[],"class_list":["post-84137","post","type-post","status-publish","format-standard","has-post-thumbnail","hentry","category-8-columnas","category-brujula-2026"],"amp_enabled":true,"_links":{"self":[{"href":"https:\/\/labestiapolitica.com.mx\/index.php?rest_route=\/wp\/v2\/posts\/84137","targetHints":{"allow":["GET"]}}],"collection":[{"href":"https:\/\/labestiapolitica.com.mx\/index.php?rest_route=\/wp\/v2\/posts"}],"about":[{"href":"https:\/\/labestiapolitica.com.mx\/index.php?rest_route=\/wp\/v2\/types\/post"}],"author":[{"embeddable":true,"href":"https:\/\/labestiapolitica.com.mx\/index.php?rest_route=\/wp\/v2\/users\/3"}],"replies":[{"embeddable":true,"href":"https:\/\/labestiapolitica.com.mx\/index.php?rest_route=%2Fwp%2Fv2%2Fcomments&post=84137"}],"version-history":[{"count":1,"href":"https:\/\/labestiapolitica.com.mx\/index.php?rest_route=\/wp\/v2\/posts\/84137\/revisions"}],"predecessor-version":[{"id":84139,"href":"https:\/\/labestiapolitica.com.mx\/index.php?rest_route=\/wp\/v2\/posts\/84137\/revisions\/84139"}],"wp:featuredmedia":[{"embeddable":true,"href":"https:\/\/labestiapolitica.com.mx\/index.php?rest_route=\/wp\/v2\/media\/84138"}],"wp:attachment":[{"href":"https:\/\/labestiapolitica.com.mx\/index.php?rest_route=%2Fwp%2Fv2%2Fmedia&parent=84137"}],"wp:term":[{"taxonomy":"category","embeddable":true,"href":"https:\/\/labestiapolitica.com.mx\/index.php?rest_route=%2Fwp%2Fv2%2Fcategories&post=84137"},{"taxonomy":"post_tag","embeddable":true,"href":"https:\/\/labestiapolitica.com.mx\/index.php?rest_route=%2Fwp%2Fv2%2Ftags&post=84137"}],"curies":[{"name":"wp","href":"https:\/\/api.w.org\/{rel}","templated":true}]}}