{"id":84143,"date":"2026-08-31T19:38:02","date_gmt":"2026-09-01T01:38:02","guid":{"rendered":"https:\/\/labestiapolitica.com.mx\/?p=84143"},"modified":"2026-08-31T19:38:23","modified_gmt":"2026-09-01T01:38:23","slug":"entrega-lucia-arce-premio-municipal-de-la-juventud-a-cuatro-destacados-jovenes-en-spm","status":"publish","type":"post","link":"https:\/\/labestiapolitica.com.mx\/?p=84143","title":{"rendered":"Entrega Luc\u00eda Arce Premio Municipal de la Juventud a cuatro destacados j\u00f3venes en SPM."},"content":{"rendered":"<p style=\"text-align: justify;\">En Sesi\u00f3n Solemne de Cabildo, el Ayuntamiento de San Pablo del Monte, encabezado por la presidenta Ana Luc\u00eda Arce Luna, a trav\u00e9s del Instituto Municipal de la Juventud (IMJUVE), entreg\u00f3 el Premio Municipal de la Juventud 2026 a cuatro destacados j\u00f3venes que han sobresalido en diferentes disciplinas.<\/p>\n<p style=\"text-align: justify;\">La ma\u00f1ana del 31 de agosto, como parte de las actividades programadas por el mes de la juventud, las autoridades reconocieron la labor y aporte de los j\u00f3venes del municipio, as\u00ed como a quienes participaron en esta edici\u00f3n.<\/p>\n<p style=\"text-align: justify;\">Fueron cuatro ganadores correspondientes al mismo n\u00famero de categor\u00edas entre las que est\u00e1n el de M\u00e9rito Acad\u00e9mico donde Nayeli Ramos Hip\u00f3lito fue la galardonada. Ella es licenciada en Trabajo Social por la UATx, donde obtuvo el mejor promedio de su generaci\u00f3n con una calificaci\u00f3n de 9.9.<\/p>\n<p style=\"text-align: justify;\">Particip\u00f3 en diversos proyectos acad\u00e9micos y sociales, destacando la de \u201cFamilias Conectadas\u201d, enfocado en el uso responsable de dispositivos m\u00f3viles, as\u00ed como en actividades comunitarias y de voluntariado, entre otros proyectos.<\/p>\n<p style=\"text-align: justify;\">En la categor\u00eda de Labor de Inclusi\u00f3n, Orlando Cecilio Gaspariano Cano, fue el ganador quien, desde 2021 ha participado activamente en la defensa de los derechos de la comunidad LGBT+, impulsando campa\u00f1as de prevenci\u00f3n de ITS, espacios de atenci\u00f3n y acompa\u00f1amiento, as\u00ed como la organizaci\u00f3n de la Marcha del Orgullo. Ha colaborado con instituciones de los sectores salud, educativo y laboral, adem\u00e1s de participar en acciones comunitarias, ambientales y de apoyo a emprendedores.<\/p>\n<p style=\"text-align: justify;\">En el 2023 fue reconocido como Rey LGBT+ Ind\u00edgena de San Pablo del Monte y, en 2024, asumi\u00f3 la Presidencia del Comit\u00e9 de la Marcha del Orgullo. Actualmente contin\u00faa trabajando por la construcci\u00f3n de una comunidad m\u00e1s incluyente, respetuosa y libre de discriminaci\u00f3n.<\/p>\n<p style=\"text-align: justify;\">En M\u00e9rito Deportivo, Ana Stephani Mart\u00ednez Romero, obtuvo ese reconocimiento resaltando ser entrenadora y psic\u00f3loga deportiva, quien se ha destacado por su trayectoria en la disciplina de luchas asociadas. Fue reconocida con el Premio Estatal del Deporte 2024.<\/p>\n<p style=\"text-align: justify;\">Entre sus logros m\u00e1s destacados se encuentran su participaci\u00f3n en la Olimpiada Nacional CONADE 2026, donde obtuvo una medalla de oro, una de plata y dos de bronce; as\u00ed como su participaci\u00f3n en el Panamericano Juvenil, celebrado en R\u00edo de Janeiro, Brasil, donde alcanz\u00f3 un cuarto lugar internacional. Asimismo, en el Torneo Internacional Pat Shaw, en Guatemala, sus atletas obtuvieron dos medallas de oro, dos de plata y dos de bronce.<\/p>\n<p style=\"text-align: justify;\">En tanto, en la categor\u00eda de M\u00e9rito Social, Paola Vianey P\u00e9rez Gaspariano, gan\u00f3 esta edici\u00f3n por su compromiso y contribuci\u00f3n en favor de la comunidad. En el CONAFE destac\u00f3 por implementar el modelo de relaci\u00f3n tutora, promoviendo el aprendizaje significativo mediante el di\u00e1logo, la investigaci\u00f3n y el inter\u00e9s de los alumnos.<\/p>\n<p style=\"text-align: justify;\">Se distingui\u00f3 por impulsar la inclusi\u00f3n educativa, adaptando materiales y estrategias para atender a un alumno con discapacidad auditiva, as\u00ed como por lograr la alfabetizaci\u00f3n de ni\u00f1as y ni\u00f1os de hasta 12 a\u00f1os que a\u00fan no sab\u00edan leer ni escribir.<\/p>\n<p style=\"text-align: justify;\">Asimismo, fortaleci\u00f3 la participaci\u00f3n de los padres de familia y gestion\u00f3 una visita escolar al Zool\u00f3gico del Altiplano, brindando a sus alumnos una experiencia educativa que muchos de ellos viv\u00edan por primera vez.<\/p>\n<p style=\"text-align: justify;\">Finalmente, Arce Luna felicit\u00f3 a los ganadores, al tiempo de reconocer a quienes participaron, exhortando a continuar trabajando por sus ideales y por un San Pablo del Monte mejor.<\/p>\n<p>&nbsp;<\/p>\n<p><img loading=\"lazy\" decoding=\"async\" class=\"aligncenter wp-image-79046 size-large\" src=\"https:\/\/labestiapolitica.com.mx\/wp-content\/uploads\/2026\/07\/AJ-uni-819x1024.jpeg\" alt=\"\" width=\"640\" height=\"800\" srcset=\"https:\/\/labestiapolitica.com.mx\/wp-content\/uploads\/2026\/07\/AJ-uni-819x1024.jpeg 819w, https:\/\/labestiapolitica.com.mx\/wp-content\/uploads\/2026\/07\/AJ-uni-240x300.jpeg 240w, https:\/\/labestiapolitica.com.mx\/wp-content\/uploads\/2026\/07\/AJ-uni-768x960.jpeg 768w, https:\/\/labestiapolitica.com.mx\/wp-content\/uploads\/2026\/07\/AJ-uni.jpeg 1080w\" sizes=\"auto, (max-width: 640px) 100vw, 640px\" \/><\/p>\n","protected":false},"excerpt":{"rendered":"<p>En Sesi\u00f3n Solemne de Cabildo, el Ayuntamiento de San Pablo del Monte, encabezado por la presidenta Ana Luc\u00eda Arce Luna, a trav\u00e9s del Instituto Municipal de la Juventud (IMJUVE), entreg\u00f3 el Premio Municipal de la Juventud 2026 a cuatro destacados j\u00f3venes que han sobresalido en diferentes disciplinas. La ma\u00f1ana del 31 de agosto, como parte [&hellip;]<\/p>\n","protected":false},"author":3,"featured_media":84144,"comment_status":"open","ping_status":"open","sticky":false,"template":"","format":"standard","meta":{"footnotes":""},"categories":[216,223],"tags":[],"class_list":["post-84143","post","type-post","status-publish","format-standard","has-post-thumbnail","hentry","category-municipios","category-san-pablo-del-monte"],"amp_enabled":true,"_links":{"self":[{"href":"https:\/\/labestiapolitica.com.mx\/index.php?rest_route=\/wp\/v2\/posts\/84143","targetHints":{"allow":["GET"]}}],"collection":[{"href":"https:\/\/labestiapolitica.com.mx\/index.php?rest_route=\/wp\/v2\/posts"}],"about":[{"href":"https:\/\/labestiapolitica.com.mx\/index.php?rest_route=\/wp\/v2\/types\/post"}],"author":[{"embeddable":true,"href":"https:\/\/labestiapolitica.com.mx\/index.php?rest_route=\/wp\/v2\/users\/3"}],"replies":[{"embeddable":true,"href":"https:\/\/labestiapolitica.com.mx\/index.php?rest_route=%2Fwp%2Fv2%2Fcomments&post=84143"}],"version-history":[{"count":1,"href":"https:\/\/labestiapolitica.com.mx\/index.php?rest_route=\/wp\/v2\/posts\/84143\/revisions"}],"predecessor-version":[{"id":84145,"href":"https:\/\/labestiapolitica.com.mx\/index.php?rest_route=\/wp\/v2\/posts\/84143\/revisions\/84145"}],"wp:featuredmedia":[{"embeddable":true,"href":"https:\/\/labestiapolitica.com.mx\/index.php?rest_route=\/wp\/v2\/media\/84144"}],"wp:attachment":[{"href":"https:\/\/labestiapolitica.com.mx\/index.php?rest_route=%2Fwp%2Fv2%2Fmedia&parent=84143"}],"wp:term":[{"taxonomy":"category","embeddable":true,"href":"https:\/\/labestiapolitica.com.mx\/index.php?rest_route=%2Fwp%2Fv2%2Fcategories&post=84143"},{"taxonomy":"post_tag","embeddable":true,"href":"https:\/\/labestiapolitica.com.mx\/index.php?rest_route=%2Fwp%2Fv2%2Ftags&post=84143"}],"curies":[{"name":"wp","href":"https:\/\/api.w.org\/{rel}","templated":true}]}}