{"id":84146,"date":"2026-08-31T19:42:44","date_gmt":"2026-09-01T01:42:44","guid":{"rendered":"https:\/\/labestiapolitica.com.mx\/?p=84146"},"modified":"2026-08-31T19:42:44","modified_gmt":"2026-09-01T01:42:44","slug":"la-charreria-puso-el-broche-de-oro-a-la-feria-de-huamantla","status":"publish","type":"post","link":"https:\/\/labestiapolitica.com.mx\/?p=84146","title":{"rendered":"La charrer\u00eda puso el broche de oro a la Feria de Huamantla."},"content":{"rendered":"<p style=\"text-align: justify;\">La tradici\u00f3n, el talento y la pasi\u00f3n por el deporte nacional se hicieron presentes durante el \u00faltimo fin de semana de la Feria Internacional del Arte Ef\u00edmero y de la Dalia, con una jornada dedicada por completo a la charrer\u00eda en el Lienzo Charro de Huamantla.<\/p>\n<p style=\"text-align: justify;\">Las actividades comenzaron el s\u00e1bado con una Charreada Infantil, en la que las nuevas generaciones tuvieron la oportunidad de demostrar sus habilidades y mantener viva una de las tradiciones m\u00e1s representativas de M\u00e9xico. En esta jornada participaron Rancho Las Moras del Charritos del Tlaxco, Rancho Las Moras Pyasa Infantil A, as\u00ed como las escaramuzas El Palmar Infantil A y El Palmar Infantil B.<\/p>\n<p style=\"text-align: justify;\">La presencia de ni\u00f1as, ni\u00f1os y j\u00f3venes en el lienzo permiti\u00f3 disfrutar de una jornada familiar, en la que la disciplina, destreza y pasi\u00f3n por la charrer\u00eda fueron protagonistas, dejando de manifiesto que esta tradici\u00f3n cuenta con nuevas generaciones dispuestas a preservarla y continuarla.<\/p>\n<p style=\"text-align: justify;\">El domingo, el Lienzo Charro de Huamantla vivi\u00f3 una intensa jornada con dos grandes encuentros. A las 11:00 horas, se llev\u00f3 a cabo la Charreada de Lujo, con la participaci\u00f3n de Hacienda Tamariz y Rancho La Cueva, en un encuentro que reuni\u00f3 la experiencia y habilidad de destacados exponentes de la charrer\u00eda.<\/p>\n<p style=\"text-align: justify;\">M\u00e1s tarde, a las 13:00 horas, lleg\u00f3 la Charreada de Cierre de Feria, con la participaci\u00f3n de Charros Rancho Los Vega, Charros Hacienda Cer\u00f3n, Charros Potros de Huamantla y Escaramuza El Palmar Juvenil, quienes ofrecieron al p\u00fablico una exhibici\u00f3n de las suertes y habilidades que distinguen a esta disciplina.<\/p>\n<p style=\"text-align: justify;\">De esta manera, charros y escaramuzas fueron los encargados de cerrar las actividades de la feria en el Lienzo Charro, compartiendo con huamantecos y visitantes una muestra de la riqueza de nuestras tradiciones y del orgullo que representa mantener vigente la charrer\u00eda como parte de nuestra identidad cultural.<\/p>\n<p style=\"text-align: justify;\">Con estas actividades, el Gobierno Municipal que preside Salvador Santos Cedillo celebr\u00f3 el cierre de una edici\u00f3n m\u00e1s de la Feria Internacional del Arte Ef\u00edmero y de la Dalia, fortaleciendo los espacios para preservar y difundir las expresiones que forman parte de la historia y tradici\u00f3n de Huamantla.<\/p>\n<p>&nbsp;<\/p>\n<p><img loading=\"lazy\" decoding=\"async\" class=\"aligncenter wp-image-79046 size-large\" src=\"https:\/\/labestiapolitica.com.mx\/wp-content\/uploads\/2026\/07\/AJ-uni-819x1024.jpeg\" alt=\"\" width=\"640\" height=\"800\" srcset=\"https:\/\/labestiapolitica.com.mx\/wp-content\/uploads\/2026\/07\/AJ-uni-819x1024.jpeg 819w, https:\/\/labestiapolitica.com.mx\/wp-content\/uploads\/2026\/07\/AJ-uni-240x300.jpeg 240w, https:\/\/labestiapolitica.com.mx\/wp-content\/uploads\/2026\/07\/AJ-uni-768x960.jpeg 768w, https:\/\/labestiapolitica.com.mx\/wp-content\/uploads\/2026\/07\/AJ-uni.jpeg 1080w\" sizes=\"auto, (max-width: 640px) 100vw, 640px\" \/><\/p>\n","protected":false},"excerpt":{"rendered":"<p>La tradici\u00f3n, el talento y la pasi\u00f3n por el deporte nacional se hicieron presentes durante el \u00faltimo fin de semana de la Feria Internacional del Arte Ef\u00edmero y de la Dalia, con una jornada dedicada por completo a la charrer\u00eda en el Lienzo Charro de Huamantla. Las actividades comenzaron el s\u00e1bado con una Charreada Infantil, [&hellip;]<\/p>\n","protected":false},"author":3,"featured_media":84147,"comment_status":"open","ping_status":"open","sticky":false,"template":"","format":"standard","meta":{"footnotes":""},"categories":[220,216],"tags":[],"class_list":["post-84146","post","type-post","status-publish","format-standard","has-post-thumbnail","hentry","category-huamantla","category-municipios"],"amp_enabled":true,"_links":{"self":[{"href":"https:\/\/labestiapolitica.com.mx\/index.php?rest_route=\/wp\/v2\/posts\/84146","targetHints":{"allow":["GET"]}}],"collection":[{"href":"https:\/\/labestiapolitica.com.mx\/index.php?rest_route=\/wp\/v2\/posts"}],"about":[{"href":"https:\/\/labestiapolitica.com.mx\/index.php?rest_route=\/wp\/v2\/types\/post"}],"author":[{"embeddable":true,"href":"https:\/\/labestiapolitica.com.mx\/index.php?rest_route=\/wp\/v2\/users\/3"}],"replies":[{"embeddable":true,"href":"https:\/\/labestiapolitica.com.mx\/index.php?rest_route=%2Fwp%2Fv2%2Fcomments&post=84146"}],"version-history":[{"count":1,"href":"https:\/\/labestiapolitica.com.mx\/index.php?rest_route=\/wp\/v2\/posts\/84146\/revisions"}],"predecessor-version":[{"id":84148,"href":"https:\/\/labestiapolitica.com.mx\/index.php?rest_route=\/wp\/v2\/posts\/84146\/revisions\/84148"}],"wp:featuredmedia":[{"embeddable":true,"href":"https:\/\/labestiapolitica.com.mx\/index.php?rest_route=\/wp\/v2\/media\/84147"}],"wp:attachment":[{"href":"https:\/\/labestiapolitica.com.mx\/index.php?rest_route=%2Fwp%2Fv2%2Fmedia&parent=84146"}],"wp:term":[{"taxonomy":"category","embeddable":true,"href":"https:\/\/labestiapolitica.com.mx\/index.php?rest_route=%2Fwp%2Fv2%2Fcategories&post=84146"},{"taxonomy":"post_tag","embeddable":true,"href":"https:\/\/labestiapolitica.com.mx\/index.php?rest_route=%2Fwp%2Fv2%2Ftags&post=84146"}],"curies":[{"name":"wp","href":"https:\/\/api.w.org\/{rel}","templated":true}]}}