{"id":84152,"date":"2026-08-31T19:54:01","date_gmt":"2026-09-01T01:54:01","guid":{"rendered":"https:\/\/labestiapolitica.com.mx\/?p=84152"},"modified":"2026-08-31T19:54:01","modified_gmt":"2026-09-01T01:54:01","slug":"ixtenco-pone-orden-en-sus-calles-continuan-acciones-para-liberar-la-via-publica","status":"publish","type":"post","link":"https:\/\/labestiapolitica.com.mx\/?p=84152","title":{"rendered":"Ixtenco pone orden en sus calles: contin\u00faan acciones para liberar la v\u00eda p\u00fablica."},"content":{"rendered":"<ul>\n<li style=\"text-align: justify;\">El Gobierno Municipal de Ixtenco, a trav\u00e9s de la cuadrilla de Empleo Temporal, contin\u00faa realizando acciones encaminadas a mantener calles y banquetas libres, ordenadas y accesibles para todas y todos.<\/li>\n<\/ul>\n<p style=\"text-align: justify;\">Durante la jornada de este d\u00eda, personal de Empleo Temporal recorri\u00f3 diferentes puntos del municipio para notificar en diversos domicilios sobre el retiro de material p\u00e9treo colocado en la v\u00eda p\u00fablica, con el prop\u00f3sito de evitar obstrucciones y facilitar el libre tr\u00e1nsito de peatones, especialmente de ni\u00f1as, ni\u00f1os, personas adultas mayores y personas con discapacidad.<\/p>\n<p style=\"text-align: justify;\">Estas labores forman parte de una campa\u00f1a permanente impulsada por el Gobierno Municipal para recuperar y conservar los espacios destinados al tr\u00e1nsito peatonal y vehicular, fomentando al mismo tiempo una cultura de orden, limpieza y respeto por los espacios p\u00fablicos.<\/p>\n<p style=\"text-align: justify;\">El Ayuntamiento hace un llamado respetuoso a las y los propietarios que mantienen arena, grava, piedra u otros materiales sobre calles y banquetas para que colaboren con su retiro y contribuyan a mantener una imagen urbana digna y, principalmente, espacios seguros para la movilidad de la poblaci\u00f3n.<\/p>\n<p style=\"text-align: justify;\">El Gobierno Municipal refrenda su compromiso de continuar trabajando de manera cercana y permanente para construir un Ixtenco m\u00e1s limpio, ordenado, accesible y seguro para todas y todos.<\/p>\n<p>&nbsp;<\/p>\n<p><img loading=\"lazy\" decoding=\"async\" class=\"aligncenter wp-image-79046 size-large\" src=\"https:\/\/labestiapolitica.com.mx\/wp-content\/uploads\/2026\/07\/AJ-uni-819x1024.jpeg\" alt=\"\" width=\"640\" height=\"800\" srcset=\"https:\/\/labestiapolitica.com.mx\/wp-content\/uploads\/2026\/07\/AJ-uni-819x1024.jpeg 819w, https:\/\/labestiapolitica.com.mx\/wp-content\/uploads\/2026\/07\/AJ-uni-240x300.jpeg 240w, https:\/\/labestiapolitica.com.mx\/wp-content\/uploads\/2026\/07\/AJ-uni-768x960.jpeg 768w, https:\/\/labestiapolitica.com.mx\/wp-content\/uploads\/2026\/07\/AJ-uni.jpeg 1080w\" sizes=\"auto, (max-width: 640px) 100vw, 640px\" \/><\/p>\n","protected":false},"excerpt":{"rendered":"<p>El Gobierno Municipal de Ixtenco, a trav\u00e9s de la cuadrilla de Empleo Temporal, contin\u00faa realizando acciones encaminadas a mantener calles y banquetas libres, ordenadas y accesibles para todas y todos. Durante la jornada de este d\u00eda, personal de Empleo Temporal recorri\u00f3 diferentes puntos del municipio para notificar en diversos domicilios sobre el retiro de material [&hellip;]<\/p>\n","protected":false},"author":3,"featured_media":84153,"comment_status":"open","ping_status":"open","sticky":false,"template":"","format":"standard","meta":{"footnotes":""},"categories":[257,216],"tags":[],"class_list":["post-84152","post","type-post","status-publish","format-standard","has-post-thumbnail","hentry","category-ixtenco","category-municipios"],"amp_enabled":true,"_links":{"self":[{"href":"https:\/\/labestiapolitica.com.mx\/index.php?rest_route=\/wp\/v2\/posts\/84152","targetHints":{"allow":["GET"]}}],"collection":[{"href":"https:\/\/labestiapolitica.com.mx\/index.php?rest_route=\/wp\/v2\/posts"}],"about":[{"href":"https:\/\/labestiapolitica.com.mx\/index.php?rest_route=\/wp\/v2\/types\/post"}],"author":[{"embeddable":true,"href":"https:\/\/labestiapolitica.com.mx\/index.php?rest_route=\/wp\/v2\/users\/3"}],"replies":[{"embeddable":true,"href":"https:\/\/labestiapolitica.com.mx\/index.php?rest_route=%2Fwp%2Fv2%2Fcomments&post=84152"}],"version-history":[{"count":1,"href":"https:\/\/labestiapolitica.com.mx\/index.php?rest_route=\/wp\/v2\/posts\/84152\/revisions"}],"predecessor-version":[{"id":84154,"href":"https:\/\/labestiapolitica.com.mx\/index.php?rest_route=\/wp\/v2\/posts\/84152\/revisions\/84154"}],"wp:featuredmedia":[{"embeddable":true,"href":"https:\/\/labestiapolitica.com.mx\/index.php?rest_route=\/wp\/v2\/media\/84153"}],"wp:attachment":[{"href":"https:\/\/labestiapolitica.com.mx\/index.php?rest_route=%2Fwp%2Fv2%2Fmedia&parent=84152"}],"wp:term":[{"taxonomy":"category","embeddable":true,"href":"https:\/\/labestiapolitica.com.mx\/index.php?rest_route=%2Fwp%2Fv2%2Fcategories&post=84152"},{"taxonomy":"post_tag","embeddable":true,"href":"https:\/\/labestiapolitica.com.mx\/index.php?rest_route=%2Fwp%2Fv2%2Ftags&post=84152"}],"curies":[{"name":"wp","href":"https:\/\/api.w.org\/{rel}","templated":true}]}}