{"id":84164,"date":"2026-08-31T20:07:27","date_gmt":"2026-09-01T02:07:27","guid":{"rendered":"https:\/\/labestiapolitica.com.mx\/?p=84164"},"modified":"2026-08-31T20:07:27","modified_gmt":"2026-09-01T02:07:27","slug":"detiene-ssc-a-dos-sujetos-por-portacion-ilegal-de-arma-de-fuego","status":"publish","type":"post","link":"https:\/\/labestiapolitica.com.mx\/?p=84164","title":{"rendered":"Detiene SSC a dos sujetos por portaci\u00f3n ilegal de arma de fuego."},"content":{"rendered":"<ul>\n<li style=\"text-align: justify;\">Adem\u00e1s, se les asegur\u00f3 un objeto de pl\u00e1stico con caracter\u00edsticas similares a un arma de fuego.<\/li>\n<\/ul>\n<p style=\"text-align: justify;\">Elementos de la Secretar\u00eda de Seguridad Ciudadana (SSC) detuvieron a dos sujetos, se\u00f1alados por su presunta responsabilidad en el delito de portaci\u00f3n ilegal de arma de fuego, luego de atender un reporte generado al interior de una plaza comercial ubicada en el municipio de Chiautempan.<\/p>\n<p style=\"text-align: justify;\">Los hechos ocurrieron cuando elementos de la Polic\u00eda Estatal realizaban recorridos de seguridad y vigilancia y fueron alertados por una persona del sexo masculino sobre la presencia de dos individuos que presuntamente portaban un arma de fuego dentro del establecimiento comercial.<\/p>\n<p style=\"text-align: justify;\">Ante el reporte, los agentes de la SSC se trasladaron al lugar para verificar la situaci\u00f3n y, tras realizar las acciones correspondientes, localizaron a los dos sujetos se\u00f1alados.<\/p>\n<p style=\"text-align: justify;\">Durante la intervenci\u00f3n policial, los elementos de seguridad localizaron y aseguraron un arma de fuego tipo escopeta, cuya portaci\u00f3n no pudo ser acreditada legalmente en ese momento. Asimismo, como parte de las acciones realizadas durante el operativo, los polic\u00edas aseguraron un objeto de pl\u00e1stico con caracter\u00edsticas similares a un arma de fuego, el cual tambi\u00e9n qued\u00f3 bajo resguardo de las autoridades como parte de los indicios relacionados con el caso.<\/p>\n<p style=\"text-align: justify;\">Una vez concretada la detenci\u00f3n, los sujetos, quienes se identificaron como Carlos N., de 34 a\u00f1os de edad, y Edwin N., de 31 a\u00f1os de edad, as\u00ed como los objetos asegurados, fueron puestos a disposici\u00f3n de la autoridad correspondiente, instancia encargada de llevar a cabo las investigaciones necesarias y determinar las responsabilidades legales que pudieran derivarse de estos hechos.<\/p>\n<p style=\"text-align: justify;\">Con estas acciones, la SSC refrenda su compromiso de mantener labores de vigilancia y atenci\u00f3n a reportes ciudadanos en distintos puntos de la entidad, particularmente en lugares de alta concentraci\u00f3n de personas, con el objetivo de prevenir conductas delictivas y preservar condiciones de seguridad para la poblaci\u00f3n.<\/p>\n<p>&nbsp;<\/p>\n<p><img loading=\"lazy\" decoding=\"async\" class=\"aligncenter wp-image-79046 size-large\" src=\"https:\/\/labestiapolitica.com.mx\/wp-content\/uploads\/2026\/07\/AJ-uni-819x1024.jpeg\" alt=\"\" width=\"640\" height=\"800\" srcset=\"https:\/\/labestiapolitica.com.mx\/wp-content\/uploads\/2026\/07\/AJ-uni-819x1024.jpeg 819w, https:\/\/labestiapolitica.com.mx\/wp-content\/uploads\/2026\/07\/AJ-uni-240x300.jpeg 240w, https:\/\/labestiapolitica.com.mx\/wp-content\/uploads\/2026\/07\/AJ-uni-768x960.jpeg 768w, https:\/\/labestiapolitica.com.mx\/wp-content\/uploads\/2026\/07\/AJ-uni.jpeg 1080w\" sizes=\"auto, (max-width: 640px) 100vw, 640px\" \/><\/p>\n","protected":false},"excerpt":{"rendered":"<p>Adem\u00e1s, se les asegur\u00f3 un objeto de pl\u00e1stico con caracter\u00edsticas similares a un arma de fuego. Elementos de la Secretar\u00eda de Seguridad Ciudadana (SSC) detuvieron a dos sujetos, se\u00f1alados por su presunta responsabilidad en el delito de portaci\u00f3n ilegal de arma de fuego, luego de atender un reporte generado al interior de una plaza comercial [&hellip;]<\/p>\n","protected":false},"author":3,"featured_media":84165,"comment_status":"open","ping_status":"open","sticky":false,"template":"","format":"standard","meta":{"footnotes":""},"categories":[236,311],"tags":[],"class_list":["post-84164","post","type-post","status-publish","format-standard","has-post-thumbnail","hentry","category-gobierno-de-tlaxcala","category-ssc"],"amp_enabled":true,"_links":{"self":[{"href":"https:\/\/labestiapolitica.com.mx\/index.php?rest_route=\/wp\/v2\/posts\/84164","targetHints":{"allow":["GET"]}}],"collection":[{"href":"https:\/\/labestiapolitica.com.mx\/index.php?rest_route=\/wp\/v2\/posts"}],"about":[{"href":"https:\/\/labestiapolitica.com.mx\/index.php?rest_route=\/wp\/v2\/types\/post"}],"author":[{"embeddable":true,"href":"https:\/\/labestiapolitica.com.mx\/index.php?rest_route=\/wp\/v2\/users\/3"}],"replies":[{"embeddable":true,"href":"https:\/\/labestiapolitica.com.mx\/index.php?rest_route=%2Fwp%2Fv2%2Fcomments&post=84164"}],"version-history":[{"count":1,"href":"https:\/\/labestiapolitica.com.mx\/index.php?rest_route=\/wp\/v2\/posts\/84164\/revisions"}],"predecessor-version":[{"id":84166,"href":"https:\/\/labestiapolitica.com.mx\/index.php?rest_route=\/wp\/v2\/posts\/84164\/revisions\/84166"}],"wp:featuredmedia":[{"embeddable":true,"href":"https:\/\/labestiapolitica.com.mx\/index.php?rest_route=\/wp\/v2\/media\/84165"}],"wp:attachment":[{"href":"https:\/\/labestiapolitica.com.mx\/index.php?rest_route=%2Fwp%2Fv2%2Fmedia&parent=84164"}],"wp:term":[{"taxonomy":"category","embeddable":true,"href":"https:\/\/labestiapolitica.com.mx\/index.php?rest_route=%2Fwp%2Fv2%2Fcategories&post=84164"},{"taxonomy":"post_tag","embeddable":true,"href":"https:\/\/labestiapolitica.com.mx\/index.php?rest_route=%2Fwp%2Fv2%2Ftags&post=84164"}],"curies":[{"name":"wp","href":"https:\/\/api.w.org\/{rel}","templated":true}]}}