{"id":84170,"date":"2026-08-31T20:15:09","date_gmt":"2026-09-01T02:15:09","guid":{"rendered":"https:\/\/labestiapolitica.com.mx\/?p=84170"},"modified":"2026-08-31T20:15:24","modified_gmt":"2026-09-01T02:15:24","slug":"recibe-carlos-lopez-suarez-en-la-sede-del-ayuntamiento-de-tlaxcala-el-bando-solemne-de-fiestas-patrias","status":"publish","type":"post","link":"https:\/\/labestiapolitica.com.mx\/?p=84170","title":{"rendered":"Recibe Carlos L\u00f3pez Su\u00e1rez en la sede del Ayuntamiento de Tlaxcala el bando solemne de fiestas patrias."},"content":{"rendered":"<ul>\n<li style=\"text-align: justify;\">Esta actividad marca el inicio de los festejos por el 216 aniversario del inicio de la Independencia de M\u00e9xico.<\/li>\n<\/ul>\n<p style=\"text-align: justify;\">El presidente municipal de Tlaxcala, Carlos L\u00f3pez Su\u00e1rez, recibi\u00f3 en la sede del Ayuntamiento capitalino el Bando Solemne de las Fiestas Patrias, acto que marca oficialmente el inicio de las actividades conmemorativas en la Capital por el 216 aniversario del inicio de la Independencia Nacional, evento que reuni\u00f3 a representantes de los distintos poderes y \u00f3rdenes de gobierno.<\/p>\n<p style=\"text-align: justify;\">Acompa\u00f1ado por integrantes del Cabildo, el alcalde presidi\u00f3 la ceremonia protocolaria junto con la Oficial Mayor de Gobierno, Er\u00e9ndira Berenice Garay Salas, y ante la presencia de representantes del Poder Legislativo y Judicial, de la 23\u00aa Zona Militar, de la Guardia Nacional y de la Secretar\u00eda de Educaci\u00f3n P\u00fablica, as\u00ed como de funcionarios y servidores p\u00fablicos.<\/p>\n<p style=\"text-align: justify;\">Como parte de esta jornada c\u00edvica, previamente Carlos L\u00f3pez Su\u00e1rez tambi\u00e9n acompa\u00f1\u00f3 a la gobernadora Lorena Cu\u00e9llar Cisneros en el acto protocolario en Palacio de Gobierno y luego particip\u00f3 en la ceremonia de fijaci\u00f3n del Bando Solemne en este lugar.<\/p>\n<p style=\"text-align: justify;\">De la misma forma, particip\u00f3 en la colocaci\u00f3n de bandos en las sedes del Poder Judicial y del Congreso del Estado, con lo que dio seguimiento a este acto protocolario que anuncia el comienzo de las celebraciones patrias en la entidad.<\/p>\n<p style=\"text-align: justify;\">La participaci\u00f3n del Ayuntamiento de Tlaxcala en esta agenda c\u00edvica fortalece la identidad y los valores patrios, adem\u00e1s de que contribuye a que las celebraciones por la Independencia Nacional se desarrollen mediante la coordinaci\u00f3n y colaboraci\u00f3n entre las instituciones p\u00fablicas.<\/p>\n<p>&nbsp;<\/p>\n<p><img loading=\"lazy\" decoding=\"async\" class=\"aligncenter wp-image-79046 size-large\" src=\"https:\/\/labestiapolitica.com.mx\/wp-content\/uploads\/2026\/07\/AJ-uni-819x1024.jpeg\" alt=\"\" width=\"640\" height=\"800\" srcset=\"https:\/\/labestiapolitica.com.mx\/wp-content\/uploads\/2026\/07\/AJ-uni-819x1024.jpeg 819w, https:\/\/labestiapolitica.com.mx\/wp-content\/uploads\/2026\/07\/AJ-uni-240x300.jpeg 240w, https:\/\/labestiapolitica.com.mx\/wp-content\/uploads\/2026\/07\/AJ-uni-768x960.jpeg 768w, https:\/\/labestiapolitica.com.mx\/wp-content\/uploads\/2026\/07\/AJ-uni.jpeg 1080w\" sizes=\"auto, (max-width: 640px) 100vw, 640px\" \/><\/p>\n","protected":false},"excerpt":{"rendered":"<p>Esta actividad marca el inicio de los festejos por el 216 aniversario del inicio de la Independencia de M\u00e9xico. El presidente municipal de Tlaxcala, Carlos L\u00f3pez Su\u00e1rez, recibi\u00f3 en la sede del Ayuntamiento capitalino el Bando Solemne de las Fiestas Patrias, acto que marca oficialmente el inicio de las actividades conmemorativas en la Capital por [&hellip;]<\/p>\n","protected":false},"author":3,"featured_media":84171,"comment_status":"open","ping_status":"open","sticky":false,"template":"","format":"standard","meta":{"footnotes":""},"categories":[216,214],"tags":[],"class_list":["post-84170","post","type-post","status-publish","format-standard","has-post-thumbnail","hentry","category-municipios","category-tlaxcala-capital"],"amp_enabled":true,"_links":{"self":[{"href":"https:\/\/labestiapolitica.com.mx\/index.php?rest_route=\/wp\/v2\/posts\/84170","targetHints":{"allow":["GET"]}}],"collection":[{"href":"https:\/\/labestiapolitica.com.mx\/index.php?rest_route=\/wp\/v2\/posts"}],"about":[{"href":"https:\/\/labestiapolitica.com.mx\/index.php?rest_route=\/wp\/v2\/types\/post"}],"author":[{"embeddable":true,"href":"https:\/\/labestiapolitica.com.mx\/index.php?rest_route=\/wp\/v2\/users\/3"}],"replies":[{"embeddable":true,"href":"https:\/\/labestiapolitica.com.mx\/index.php?rest_route=%2Fwp%2Fv2%2Fcomments&post=84170"}],"version-history":[{"count":1,"href":"https:\/\/labestiapolitica.com.mx\/index.php?rest_route=\/wp\/v2\/posts\/84170\/revisions"}],"predecessor-version":[{"id":84172,"href":"https:\/\/labestiapolitica.com.mx\/index.php?rest_route=\/wp\/v2\/posts\/84170\/revisions\/84172"}],"wp:featuredmedia":[{"embeddable":true,"href":"https:\/\/labestiapolitica.com.mx\/index.php?rest_route=\/wp\/v2\/media\/84171"}],"wp:attachment":[{"href":"https:\/\/labestiapolitica.com.mx\/index.php?rest_route=%2Fwp%2Fv2%2Fmedia&parent=84170"}],"wp:term":[{"taxonomy":"category","embeddable":true,"href":"https:\/\/labestiapolitica.com.mx\/index.php?rest_route=%2Fwp%2Fv2%2Fcategories&post=84170"},{"taxonomy":"post_tag","embeddable":true,"href":"https:\/\/labestiapolitica.com.mx\/index.php?rest_route=%2Fwp%2Fv2%2Ftags&post=84170"}],"curies":[{"name":"wp","href":"https:\/\/api.w.org\/{rel}","templated":true}]}}