{"id":84173,"date":"2026-08-31T20:18:43","date_gmt":"2026-09-01T02:18:43","guid":{"rendered":"https:\/\/labestiapolitica.com.mx\/?p=84173"},"modified":"2026-08-31T20:18:43","modified_gmt":"2026-09-01T02:18:43","slug":"cie-uatx-y-sepe-uset-fortalecen-la-reflexion-colectiva-sobre-la-practica-educativa","status":"publish","type":"post","link":"https:\/\/labestiapolitica.com.mx\/?p=84173","title":{"rendered":"CIE-UATx y SEPE-USET fortalecen la reflexi\u00f3n colectiva sobre la pr\u00e1ctica educativa."},"content":{"rendered":"<ul>\n<li style=\"font-weight: 400; text-align: justify;\">247 figuras educativas dialogan sobre los desaf\u00edos de sus comunidades escolares.<\/li>\n<\/ul>\n<p style=\"font-weight: 400; text-align: justify;\">El di\u00e1logo entre docentes y directivos abri\u00f3 un espacio para reflexionar sobre los retos de las comunidades escolares y construir alternativas de manera colectiva, durante las sesiones denominadas\u00a0\ud835\udc11\ud835\udc1e\ud835\udc1f\ud835\udc25\ud835\udc1e\ud835\udc31\ud835\udc22\ud835\udc28\ud835\udc27\ud835\udc1e\ud835\udc2c\u00a0\ud835\udc29\ud835\udc1a\ud835\udc2b\ud835\udc1a\u00a0\ud835\udc1e\ud835\udc25\u00a0\ud835\udc2d\ud835\udc2b\ud835\udc1a\ud835\udc1b\ud835\udc1a\ud835\udc23\ud835\udc28\u00a0\ud835\udc22\ud835\udc27\ud835\udc2d\ud835\udc1e\ud835\udc2b\ud835\udc1d\ud835\udc22\ud835\udc2c\ud835\udc1c\ud835\udc22\ud835\udc29\ud835\udc25\ud835\udc22\ud835\udc27\ud835\udc1a\ud835\udc2b\ud835\udc22\ud835\udc28\u00a0\ud835\udc32\u00a0\ud835\udc1c\ud835\udc28\ud835\udc25\ud835\udc1e\ud835\udc20\ud835\udc22\ud835\udc1a\ud835\udc1d\ud835\udc28:\u00a0\ud835\udc21\ud835\udc1a\ud835\udc1c\ud835\udc22\ud835\udc1a\u00a0\ud835\udc1c\ud835\udc28\ud835\udc26\ud835\udc2e\ud835\udc27\ud835\udc22\ud835\udc1d\ud835\udc1a\ud835\udc1d\ud835\udc1e\ud835\udc2c\u00a0\ud835\udc1d\ud835\udc1e\u00a0\ud835\udc1a\ud835\udc29\ud835\udc2b\ud835\udc1e\ud835\udc27\ud835\udc1d\ud835\udc22\ud835\udc33\ud835\udc1a\ud835\udc23\ud835\udc1e, con la participaci\u00f3n de 247 figuras educativas de la Zona Escolar 03 de Secundarias Generales, los d\u00edas\u00a0\u00a021 y 28 de agosto, en\u00a0\u00a0el Centro de Investigaci\u00f3n Educativa de la Universidad Aut\u00f3noma de Tlaxcala (CIE-UATx), foro que se desarroll\u00f3\u00a0\u00a0en coordinaci\u00f3n con la Secretar\u00eda de Educaci\u00f3n P\u00fablica de Tlaxcala y la Unidad de Servicios Educativos de Tlaxcala (SEPE-USET).<\/p>\n<p style=\"font-weight: 400; text-align: justify;\">Durante ambas jornadas, se propici\u00f3 el intercambio de experiencias y el an\u00e1lisis, desde una perspectiva colaborativa e interdisciplinaria, de los desaf\u00edos presentes en sus contextos escolares. En este sentido, el Doctor \u00c1ngel D\u00edaz-Barriga, Coordinador del CIE-UATx, y el Maestro Sergio Enrique Res\u00e9ndiz Flores, Director de Educaci\u00f3n B\u00e1sica, pusieron de relieve la importancia de fortalecer el trabajo colegiado y generar espacios de reflexi\u00f3n sobre la pr\u00e1ctica educativa.<\/p>\n<p style=\"font-weight: 400; text-align: justify;\">Estas actividades forman parte del proyecto\u00a0\ud835\udc08\ud835\udc07-\ud835\udfd0\ud835\udfce\ud835\udfd0\ud835\udfd3-\ud835\udc06-\ud835\udfcf\ud835\udfd0\ud835\udfd5.\u00a0\ud835\udc03\ud835\udc1e\ud835\udc2c\ud835\udc1a\ud835\udc2b\ud835\udc2b\ud835\udc28\ud835\udc25\ud835\udc25\ud835\udc28\u00a0\ud835\udc32\u00a0\ud835\udc1a\ud835\udc2f\ud835\udc1a\ud835\udc27\ud835\udc1c\ud835\udc1e\ud835\udc2c\u00a0\ud835\udc1d\ud835\udc1e\ud835\udc25\u00a0\ud835\udc0f\ud835\udc25\ud835\udc1a\ud835\udc27\u00a0\ud835\udc1d\ud835\udc1e\u00a0\ud835\udc04\ud835\udc2c\ud835\udc2d\ud835\udc2e\ud835\udc1d\ud835\udc22\ud835\udc28\u00a0\ud835\udfd0\ud835\udfce\ud835\udfd0\ud835\udfd0, financiado por la Secretar\u00eda de Ciencia, Humanidades, Tecnolog\u00eda e Innovaci\u00f3n (SECIHTI) y coordinado por la Doctora Mariela Jim\u00e9nez-V\u00e1squez, con el acompa\u00f1amiento acad\u00e9mico de Anna Belykh, Ariadna Gisela Jim\u00e9nez, Iriana Castillo Vergara, Sandra Lizeth V\u00e1squez Vega y Armando \u00c1vila Carreto, investigadores del CIE-UATx, quienes intervinieron en los procesos de di\u00e1logo, an\u00e1lisis y recuperaci\u00f3n de experiencias a lo largo de las dos jornadas.<\/p>\n","protected":false},"excerpt":{"rendered":"<p>247 figuras educativas dialogan sobre los desaf\u00edos de sus comunidades escolares. El di\u00e1logo entre docentes y directivos abri\u00f3 un espacio para reflexionar sobre los retos de las comunidades escolares y construir alternativas de manera colectiva, durante las sesiones denominadas\u00a0\ud835\udc11\ud835\udc1e\ud835\udc1f\ud835\udc25\ud835\udc1e\ud835\udc31\ud835\udc22\ud835\udc28\ud835\udc27\ud835\udc1e\ud835\udc2c\u00a0\ud835\udc29\ud835\udc1a\ud835\udc2b\ud835\udc1a\u00a0\ud835\udc1e\ud835\udc25\u00a0\ud835\udc2d\ud835\udc2b\ud835\udc1a\ud835\udc1b\ud835\udc1a\ud835\udc23\ud835\udc28\u00a0\ud835\udc22\ud835\udc27\ud835\udc2d\ud835\udc1e\ud835\udc2b\ud835\udc1d\ud835\udc22\ud835\udc2c\ud835\udc1c\ud835\udc22\ud835\udc29\ud835\udc25\ud835\udc22\ud835\udc27\ud835\udc1a\ud835\udc2b\ud835\udc22\ud835\udc28\u00a0\ud835\udc32\u00a0\ud835\udc1c\ud835\udc28\ud835\udc25\ud835\udc1e\ud835\udc20\ud835\udc22\ud835\udc1a\ud835\udc1d\ud835\udc28:\u00a0\ud835\udc21\ud835\udc1a\ud835\udc1c\ud835\udc22\ud835\udc1a\u00a0\ud835\udc1c\ud835\udc28\ud835\udc26\ud835\udc2e\ud835\udc27\ud835\udc22\ud835\udc1d\ud835\udc1a\ud835\udc1d\ud835\udc1e\ud835\udc2c\u00a0\ud835\udc1d\ud835\udc1e\u00a0\ud835\udc1a\ud835\udc29\ud835\udc2b\ud835\udc1e\ud835\udc27\ud835\udc1d\ud835\udc22\ud835\udc33\ud835\udc1a\ud835\udc23\ud835\udc1e, con la participaci\u00f3n de 247 figuras educativas de la Zona Escolar 03 de Secundarias Generales, los [&hellip;]<\/p>\n","protected":false},"author":3,"featured_media":84174,"comment_status":"open","ping_status":"open","sticky":false,"template":"","format":"standard","meta":{"footnotes":""},"categories":[213,241],"tags":[],"class_list":["post-84173","post","type-post","status-publish","format-standard","has-post-thumbnail","hentry","category-educacion","category-uatx"],"amp_enabled":true,"_links":{"self":[{"href":"https:\/\/labestiapolitica.com.mx\/index.php?rest_route=\/wp\/v2\/posts\/84173","targetHints":{"allow":["GET"]}}],"collection":[{"href":"https:\/\/labestiapolitica.com.mx\/index.php?rest_route=\/wp\/v2\/posts"}],"about":[{"href":"https:\/\/labestiapolitica.com.mx\/index.php?rest_route=\/wp\/v2\/types\/post"}],"author":[{"embeddable":true,"href":"https:\/\/labestiapolitica.com.mx\/index.php?rest_route=\/wp\/v2\/users\/3"}],"replies":[{"embeddable":true,"href":"https:\/\/labestiapolitica.com.mx\/index.php?rest_route=%2Fwp%2Fv2%2Fcomments&post=84173"}],"version-history":[{"count":1,"href":"https:\/\/labestiapolitica.com.mx\/index.php?rest_route=\/wp\/v2\/posts\/84173\/revisions"}],"predecessor-version":[{"id":84175,"href":"https:\/\/labestiapolitica.com.mx\/index.php?rest_route=\/wp\/v2\/posts\/84173\/revisions\/84175"}],"wp:featuredmedia":[{"embeddable":true,"href":"https:\/\/labestiapolitica.com.mx\/index.php?rest_route=\/wp\/v2\/media\/84174"}],"wp:attachment":[{"href":"https:\/\/labestiapolitica.com.mx\/index.php?rest_route=%2Fwp%2Fv2%2Fmedia&parent=84173"}],"wp:term":[{"taxonomy":"category","embeddable":true,"href":"https:\/\/labestiapolitica.com.mx\/index.php?rest_route=%2Fwp%2Fv2%2Fcategories&post=84173"},{"taxonomy":"post_tag","embeddable":true,"href":"https:\/\/labestiapolitica.com.mx\/index.php?rest_route=%2Fwp%2Fv2%2Ftags&post=84173"}],"curies":[{"name":"wp","href":"https:\/\/api.w.org\/{rel}","templated":true}]}}