{"id":84181,"date":"2026-08-31T21:27:15","date_gmt":"2026-09-01T03:27:15","guid":{"rendered":"https:\/\/labestiapolitica.com.mx\/?p=84181"},"modified":"2026-08-31T21:34:07","modified_gmt":"2026-09-01T03:34:07","slug":"de-asamblea-a-mitin-carlos-augusto-cuestiona-evento-de-morena-en-tlaxcala","status":"publish","type":"post","link":"https:\/\/labestiapolitica.com.mx\/?p=84181","title":{"rendered":"De asamblea a mitin: Carlos Augusto cuestiona evento de Morena en Tlaxcala"},"content":{"rendered":"<p style=\"text-align: justify;\">Demian M\u00e1rquez \/\/ El aspirante a la Coordinaci\u00f3n Estatal de los Comit\u00e9s de Defensa de la Transformaci\u00f3n, Carlos Augusto P\u00e9rez Hern\u00e1ndez, justific\u00f3 su ausencia en la asamblea convocada por la dirigencia estatal de Morena al considerar que el encuentro perdi\u00f3 su car\u00e1cter partidista y termin\u00f3 convertido en un acto de respaldo a uno de los perfiles que participan en la contienda interna.<\/p>\n<p style=\"text-align: justify;\">En entrevista telef\u00f3nica para La Bestia Pol\u00edtica, P\u00e9rez Hern\u00e1ndez explic\u00f3 que recibi\u00f3 por WhatsApp la invitaci\u00f3n de Jaina Daniela Flores Meneses, secretaria general en funciones de presidenta estatal, para acudir a una asamblea informativa.<\/p>\n<p style=\"text-align: justify;\">Sin embargo, al conocer que una marcha convocada en respaldo a Alfonso S\u00e1nchez Garc\u00eda arribar\u00eda al mismo sitio, concluy\u00f3 que ya no se trataba de un encuentro institucional y decidi\u00f3 no participar.<\/p>\n<p style=\"text-align: justify;\">El morenista sostuvo que la situaci\u00f3n resulta preocupante porque, desde su perspectiva, la dirigencia estatal comenz\u00f3 a mostrar una preferencia hacia un aspirante.<\/p>\n<p style=\"text-align: justify;\">Record\u00f3 que a la nueva dirigencia se le otorg\u00f3 un voto de confianza y cuestion\u00f3 que ese respaldo pudiera utilizarse para favorecer a un perfil en particular.<\/p>\n<p style=\"text-align: justify;\">\u201cLo triste est\u00e1 en que el partido, la dirigencia estatal, haya mostrado ya abiertamente su inclinaci\u00f3n, su preferencia\u201d, se\u00f1al\u00f3, al insistir en que esperaba un ejercicio plural entre quienes buscan encabezar los Comit\u00e9s de Defensa de la Transformaci\u00f3n.<\/p>\n<p style=\"text-align: justify;\">El aspirante tambi\u00e9n puso en duda las versiones de que todos los contendientes fueron convocados en las mismas condiciones.<\/p>\n<p style=\"text-align: justify;\">Dijo que personalmente no recibi\u00f3 informaci\u00f3n sobre qui\u00e9nes ser\u00edan invitados ni sobre el formato que tendr\u00eda el encuentro, por lo que consider\u00f3 que la asamblea anunciada termin\u00f3 funcionando como un mitin pol\u00edtico.<\/p>\n<p style=\"text-align: justify;\">Pese a sus cuestionamientos, P\u00e9rez Hern\u00e1ndez afirm\u00f3 que continuar\u00e1 con sus actividades dentro del proceso interno, mediante recorridos y reuniones con comerciantes, trabajadores, campesinos, estudiantes y maestros.<\/p>\n<p style=\"text-align: justify;\">Asegur\u00f3 que su principal exigencia es que exista \u201cpiso parejo\u201d, credibilidad y confianza tanto dentro del partido como entre la ciudadan\u00eda.<\/p>\n<p style=\"text-align: justify;\">Finalmente, sostuvo que la fortaleza del movimiento depender\u00e1 de recuperar la confianza de los ciudadanos y mantener un respaldo social que permita acompa\u00f1ar el proyecto de la presidenta Claudia Sheinbaum, mientras Morena en Tlaxcala define el rumbo de su proceso para elegir a quien coordinar\u00e1 los Comit\u00e9s de Defensa de la Transformaci\u00f3n.<\/p>\n","protected":false},"excerpt":{"rendered":"<p>Demian M\u00e1rquez \/\/ El aspirante a la Coordinaci\u00f3n Estatal de los Comit\u00e9s de Defensa de la Transformaci\u00f3n, Carlos Augusto P\u00e9rez Hern\u00e1ndez, justific\u00f3 su ausencia en la asamblea convocada por la dirigencia estatal de Morena al considerar que el encuentro perdi\u00f3 su car\u00e1cter partidista y termin\u00f3 convertido en un acto de respaldo a uno de los [&hellip;]<\/p>\n","protected":false},"author":3,"featured_media":84182,"comment_status":"open","ping_status":"open","sticky":false,"template":"","format":"standard","meta":{"footnotes":""},"categories":[3,249,247],"tags":[],"class_list":["post-84181","post","type-post","status-publish","format-standard","has-post-thumbnail","hentry","category-8-columnas","category-morena","category-politica"],"amp_enabled":true,"_links":{"self":[{"href":"https:\/\/labestiapolitica.com.mx\/index.php?rest_route=\/wp\/v2\/posts\/84181","targetHints":{"allow":["GET"]}}],"collection":[{"href":"https:\/\/labestiapolitica.com.mx\/index.php?rest_route=\/wp\/v2\/posts"}],"about":[{"href":"https:\/\/labestiapolitica.com.mx\/index.php?rest_route=\/wp\/v2\/types\/post"}],"author":[{"embeddable":true,"href":"https:\/\/labestiapolitica.com.mx\/index.php?rest_route=\/wp\/v2\/users\/3"}],"replies":[{"embeddable":true,"href":"https:\/\/labestiapolitica.com.mx\/index.php?rest_route=%2Fwp%2Fv2%2Fcomments&post=84181"}],"version-history":[{"count":1,"href":"https:\/\/labestiapolitica.com.mx\/index.php?rest_route=\/wp\/v2\/posts\/84181\/revisions"}],"predecessor-version":[{"id":84183,"href":"https:\/\/labestiapolitica.com.mx\/index.php?rest_route=\/wp\/v2\/posts\/84181\/revisions\/84183"}],"wp:featuredmedia":[{"embeddable":true,"href":"https:\/\/labestiapolitica.com.mx\/index.php?rest_route=\/wp\/v2\/media\/84182"}],"wp:attachment":[{"href":"https:\/\/labestiapolitica.com.mx\/index.php?rest_route=%2Fwp%2Fv2%2Fmedia&parent=84181"}],"wp:term":[{"taxonomy":"category","embeddable":true,"href":"https:\/\/labestiapolitica.com.mx\/index.php?rest_route=%2Fwp%2Fv2%2Fcategories&post=84181"},{"taxonomy":"post_tag","embeddable":true,"href":"https:\/\/labestiapolitica.com.mx\/index.php?rest_route=%2Fwp%2Fv2%2Ftags&post=84181"}],"curies":[{"name":"wp","href":"https:\/\/api.w.org\/{rel}","templated":true}]}}