{"id":84189,"date":"2026-09-01T07:00:27","date_gmt":"2026-09-01T13:00:27","guid":{"rendered":"https:\/\/labestiapolitica.com.mx\/?p=84189"},"modified":"2026-08-31T22:06:26","modified_gmt":"2026-09-01T04:06:26","slug":"entre-simulacion-reclamos-y-silencio-las-reacciones-de-los-aspirantes-tras-asamblea-de-morena","status":"publish","type":"post","link":"https:\/\/labestiapolitica.com.mx\/?p=84189","title":{"rendered":"Entre \u201csimulaci\u00f3n\u201d, reclamos y silencio: las reacciones de los aspirantes tras asamblea de Morena"},"content":{"rendered":"<p style=\"text-align: justify;\">Demian M\u00e1rquez \/\/ La asamblea convocada el pasado domingo por la dirigencia estatal de Morena en apoyo a la presidenta Claudia Sheinbaum Pardo, a la que fueron llamados los nueve aspirantes a coordinar los Comit\u00e9s de Defensa de la Transformaci\u00f3n en Tlaxcala, termin\u00f3 generando cuestionamientos entre los propios participantes.<\/p>\n<p style=\"text-align: justify;\">Solo cuatro perfiles acudieron: Alfonso S\u00e1nchez Garc\u00eda, Floria Mar\u00eda Hern\u00e1ndez, H\u00e9ctor Paredes y Vicente Ponce Cano.<\/p>\n<p style=\"text-align: justify;\">La presencia de S\u00e1nchez Garc\u00eda cobr\u00f3 especial relevancia luego de que una marcha en su respaldo concluyera en el mismo sitio del encuentro, mientras los dem\u00e1s aspirantes quedaron en un segundo plano.<\/p>\n<p style=\"text-align: justify;\">El episodio provoc\u00f3 cr\u00edticas de quienes participaron y de quienes decidieron no acudir.<\/p>\n<p style=\"text-align: justify;\">Raymundo V\u00e1zquez Conchas afirm\u00f3 que recibi\u00f3 \u00fanicamente un mensaje de WhatsApp de la dirigente estatal Jaina Daniela Flores Meneses, por lo que puso en duda que pudiera considerarse una convocatoria formal.<\/p>\n<p style=\"text-align: justify;\">El diputado federal relacion\u00f3 su decisi\u00f3n con una experiencia anterior, en la que, seg\u00fan dijo, fue relegado de un acto que inicialmente se present\u00f3 como respaldo a Claudia Sheinbaum y termin\u00f3 favoreciendo a Alfonso S\u00e1nchez. \u201cFui invitado, si a eso se le llama invitaci\u00f3n\u201d, sostuvo.<\/p>\n<p style=\"text-align: justify;\">V\u00e1zquez Conchas fue m\u00e1s all\u00e1 y acus\u00f3 que Morena en Tlaxcala se encuentra \u201ccompletamente secuestrado\u201d, al considerar que las decisiones partidistas se estar\u00edan concentrando en un grupo y que algunos aspirantes son utilizados para legitimar actos previamente orientados hacia un perfil.<\/p>\n<p style=\"text-align: justify;\">Desde su perspectiva, la falta de una convocatoria real a la unidad puede profundizar las diferencias internas justo cuando se aproxima la definici\u00f3n de la coordinaci\u00f3n estatal.<\/p>\n<p style=\"text-align: justify;\">Por su parte, Carlos Augusto P\u00e9rez Hern\u00e1ndez tambi\u00e9n explic\u00f3 su ausencia bajo un argumento similar.<\/p>\n<p style=\"text-align: justify;\">Se\u00f1al\u00f3 que recibi\u00f3 la invitaci\u00f3n para una asamblea informativa, pero al conocer que una movilizaci\u00f3n en respaldo a Alfonso S\u00e1nchez Garc\u00eda llegar\u00eda al mismo lugar, consider\u00f3 que el encuentro hab\u00eda perdido su car\u00e1cter institucional.<\/p>\n<p style=\"text-align: justify;\">\u201cLo triste est\u00e1 en que el partido, la dirigencia estatal, haya mostrado ya abiertamente su inclinaci\u00f3n, su preferencia\u201d, expres\u00f3.<\/p>\n<p style=\"text-align: justify;\">P\u00e9rez Hern\u00e1ndez cuestion\u00f3 adem\u00e1s que se afirmara que todos los aspirantes fueron convocados en igualdad de condiciones, pues dijo no haber recibido informaci\u00f3n sobre qui\u00e9nes ser\u00edan invitados ni sobre el formato del evento.<\/p>\n<p style=\"text-align: justify;\">No obstante, asegur\u00f3 que mantendr\u00e1 su participaci\u00f3n en el proceso y continuar\u00e1 recorriendo comunidades y sectores sociales, al tiempo que reclam\u00f3 condiciones de \u201cpiso parejo\u201d, credibilidad y confianza dentro del partido.<\/p>\n<p style=\"text-align: justify;\">En contraste, los aspirantes Floria Mar\u00eda Hern\u00e1ndez, H\u00e9ctor Paredes y Vicente Ponce Cano s\u00ed acudieron a la asamblea, aunque la jornada qued\u00f3 marcada por la movilizaci\u00f3n que acompa\u00f1\u00f3 a S\u00e1nchez Garc\u00eda y por la percepci\u00f3n de que el acto termin\u00f3 favoreciendo su posicionamiento.<\/p>\n<p style=\"text-align: justify;\">Hasta el momento, sus posturas particulares sobre lo ocurrido no fueron incorporadas a este recuento.<\/p>\n<p style=\"text-align: justify;\">En el caso de Ana Lilia Rivera Rivera, aspirante a la coordinaci\u00f3n estatal y senadora con licencia, este medio busc\u00f3 conocer su postura durante una reuni\u00f3n que sostuvo con mujeres.<\/p>\n<p style=\"text-align: justify;\">Sin embargo, personal de su \u00e1rea de comunicaci\u00f3n inform\u00f3 que no habr\u00eda atenci\u00f3n a medios.<\/p>\n<p style=\"text-align: justify;\">Posteriormente tambi\u00e9n se solicit\u00f3 directamente una postura a su jefe de informaci\u00f3n, sin obtener respuesta al cierre de esta nota.<\/p>\n<p style=\"text-align: justify;\">Por lo que la postura de la senadora con licencia ser\u00eda pr\u00e1cticamente la del silencio, acci\u00f3n que se ha caracterizado por la misma al tratar de ser abordada en diferentes momentos, respecto a temas en torno a la contienda interna como lo fue el tema de la propaganda pol\u00edtica a favor de Alfonso S\u00e1nchez Garc\u00eda al interior de Casa de gobierno.<\/p>\n","protected":false},"excerpt":{"rendered":"<p>Demian M\u00e1rquez \/\/ La asamblea convocada el pasado domingo por la dirigencia estatal de Morena en apoyo a la presidenta Claudia Sheinbaum Pardo, a la que fueron llamados los nueve aspirantes a coordinar los Comit\u00e9s de Defensa de la Transformaci\u00f3n en Tlaxcala, termin\u00f3 generando cuestionamientos entre los propios participantes. Solo cuatro perfiles acudieron: Alfonso S\u00e1nchez [&hellip;]<\/p>\n","protected":false},"author":3,"featured_media":84190,"comment_status":"open","ping_status":"open","sticky":false,"template":"","format":"standard","meta":{"footnotes":""},"categories":[3,12,7],"tags":[],"class_list":["post-84189","post","type-post","status-publish","format-standard","has-post-thumbnail","hentry","category-8-columnas","category-brujula-2026","category-ciudadanos"],"amp_enabled":true,"_links":{"self":[{"href":"https:\/\/labestiapolitica.com.mx\/index.php?rest_route=\/wp\/v2\/posts\/84189","targetHints":{"allow":["GET"]}}],"collection":[{"href":"https:\/\/labestiapolitica.com.mx\/index.php?rest_route=\/wp\/v2\/posts"}],"about":[{"href":"https:\/\/labestiapolitica.com.mx\/index.php?rest_route=\/wp\/v2\/types\/post"}],"author":[{"embeddable":true,"href":"https:\/\/labestiapolitica.com.mx\/index.php?rest_route=\/wp\/v2\/users\/3"}],"replies":[{"embeddable":true,"href":"https:\/\/labestiapolitica.com.mx\/index.php?rest_route=%2Fwp%2Fv2%2Fcomments&post=84189"}],"version-history":[{"count":1,"href":"https:\/\/labestiapolitica.com.mx\/index.php?rest_route=\/wp\/v2\/posts\/84189\/revisions"}],"predecessor-version":[{"id":84191,"href":"https:\/\/labestiapolitica.com.mx\/index.php?rest_route=\/wp\/v2\/posts\/84189\/revisions\/84191"}],"wp:featuredmedia":[{"embeddable":true,"href":"https:\/\/labestiapolitica.com.mx\/index.php?rest_route=\/wp\/v2\/media\/84190"}],"wp:attachment":[{"href":"https:\/\/labestiapolitica.com.mx\/index.php?rest_route=%2Fwp%2Fv2%2Fmedia&parent=84189"}],"wp:term":[{"taxonomy":"category","embeddable":true,"href":"https:\/\/labestiapolitica.com.mx\/index.php?rest_route=%2Fwp%2Fv2%2Fcategories&post=84189"},{"taxonomy":"post_tag","embeddable":true,"href":"https:\/\/labestiapolitica.com.mx\/index.php?rest_route=%2Fwp%2Fv2%2Ftags&post=84189"}],"curies":[{"name":"wp","href":"https:\/\/api.w.org\/{rel}","templated":true}]}}