{"id":84192,"date":"2026-08-31T17:27:50","date_gmt":"2026-08-31T23:27:50","guid":{"rendered":"https:\/\/labestiapolitica.com.mx\/?p=84192"},"modified":"2026-08-31T22:30:06","modified_gmt":"2026-09-01T04:30:06","slug":"el-congreso-de-tlaxcala-le-fallo-otra-vez-a-las-mujeres-agustin-breton","status":"publish","type":"post","link":"https:\/\/labestiapolitica.com.mx\/?p=84192","title":{"rendered":"El Congreso de Tlaxcala le fall\u00f3 otra vez a las mujeres: Agust\u00edn Bret\u00f3n.\u00a0"},"content":{"rendered":"<p style=\"text-align: justify;\">El referente ciudadano Agust\u00edn Bret\u00f3n Stankiewicz se\u00f1al\u00f3 que el Congreso del Estado desaprovech\u00f3 la oportunidad de fortalecer la participaci\u00f3n pol\u00edtica de las mujeres, al aprobar una reforma electoral que se qued\u00f3 a medias y dej\u00f3 nuevamente la responsabilidad en manos del Instituto Tlaxcalteca de Elecciones (ITE) y de los partidos.<\/p>\n<p style=\"text-align: justify;\">\n<p style=\"text-align: justify;\">Bret\u00f3n cuestion\u00f3 que la reforma, aprobada por unanimidad, se limitara a actualizar calendarios, registros y procedimientos, sin incorporar una medida permanente que garantice la llegada de mujeres a presidencias municipales hist\u00f3ricamente gobernadas por hombres.<\/p>\n<p style=\"text-align: justify;\">\n<p style=\"text-align: justify;\">\u201cModernizar fechas y tr\u00e1mites est\u00e1 bien, pero una reforma electoral tambi\u00e9n debe responder a las desigualdades que siguen presentes. La paridad no puede reducirse a llenar listas; debe traducirse en oportunidades reales para competir y gobernar\u201d, expres\u00f3.<\/p>\n<p style=\"text-align: justify;\">\n<p style=\"text-align: justify;\">La iniciativa planteaba que, en el proceso electoral 2026-2027, los partidos postularan exclusivamente mujeres en el 50% de los municipios que nunca han sido gobernados por una mujer. Aunque las comisiones legislativas reconocieron la validez constitucional de las acciones afirmativas y el antecedente del ITE, decidieron no incluir la medida por deficiencias t\u00e9cnicas en su redacci\u00f3n.<\/p>\n<p style=\"text-align: justify;\">\n<p style=\"text-align: justify;\">Para Bret\u00f3n, esos problemas pudieron corregirse durante el an\u00e1lisis legislativo, en lugar de usarse como pretexto para dejar fuera la propuesta.<\/p>\n<p style=\"text-align: justify;\">\n<p style=\"text-align: justify;\">\u201cSi una iniciativa tiene errores, se trabaja, se mejora y se corrige. Para eso existe el Congreso. Reconocer que hay una desigualdad hist\u00f3rica y despu\u00e9s no hacer lo necesario para atenderla es quedarse a la mitad\u201d, afirm\u00f3.<\/p>\n<p style=\"text-align: justify;\">\n<p style=\"text-align: justify;\">Tambi\u00e9n se refiri\u00f3 al candado para impedir candidaturas de personas deudoras alimentarias, la cual explic\u00f3 que esta propuesta no fue rechazada, sino que sigue su propia ruta en otro expediente legislativo.<\/p>\n<p style=\"text-align: justify;\">\n<p style=\"text-align: justify;\">Sin embargo, consider\u00f3 urgente que avance y se traduzca en mecanismos efectivos de verificaci\u00f3n.<\/p>\n<p style=\"text-align: justify;\">\n<p style=\"text-align: justify;\">\u201cNo se trata de pedir papeles por pedirlos. Se trata de algo b\u00e1sico: quien aspira a representar a la ciudadan\u00eda debe comenzar por cumplir con sus responsabilidades m\u00e1s elementales, especialmente con sus hijas e hijos\u201d, sostuvo.<\/p>\n<p style=\"text-align: justify;\">\n<p style=\"text-align: justify;\">Finalmente, Bret\u00f3n record\u00f3 que la reforma fue aprobada por unanimidad, por lo que la responsabilidad corresponde a todo el Congreso y no \u00fanicamente a una comisi\u00f3n o fuerza pol\u00edtica.<\/p>\n","protected":false},"excerpt":{"rendered":"<p>El referente ciudadano Agust\u00edn Bret\u00f3n Stankiewicz se\u00f1al\u00f3 que el Congreso del Estado desaprovech\u00f3 la oportunidad de fortalecer la participaci\u00f3n pol\u00edtica de las mujeres, al aprobar una reforma electoral que se qued\u00f3 a medias y dej\u00f3 nuevamente la responsabilidad en manos del Instituto Tlaxcalteca de Elecciones (ITE) y de los partidos. Bret\u00f3n cuestion\u00f3 que la reforma, [&hellip;]<\/p>\n","protected":false},"author":3,"featured_media":84193,"comment_status":"open","ping_status":"open","sticky":false,"template":"","format":"standard","meta":{"footnotes":""},"categories":[252,247],"tags":[],"class_list":["post-84192","post","type-post","status-publish","format-standard","has-post-thumbnail","hentry","category-movimiento-ciudadano","category-politica"],"amp_enabled":true,"_links":{"self":[{"href":"https:\/\/labestiapolitica.com.mx\/index.php?rest_route=\/wp\/v2\/posts\/84192","targetHints":{"allow":["GET"]}}],"collection":[{"href":"https:\/\/labestiapolitica.com.mx\/index.php?rest_route=\/wp\/v2\/posts"}],"about":[{"href":"https:\/\/labestiapolitica.com.mx\/index.php?rest_route=\/wp\/v2\/types\/post"}],"author":[{"embeddable":true,"href":"https:\/\/labestiapolitica.com.mx\/index.php?rest_route=\/wp\/v2\/users\/3"}],"replies":[{"embeddable":true,"href":"https:\/\/labestiapolitica.com.mx\/index.php?rest_route=%2Fwp%2Fv2%2Fcomments&post=84192"}],"version-history":[{"count":1,"href":"https:\/\/labestiapolitica.com.mx\/index.php?rest_route=\/wp\/v2\/posts\/84192\/revisions"}],"predecessor-version":[{"id":84194,"href":"https:\/\/labestiapolitica.com.mx\/index.php?rest_route=\/wp\/v2\/posts\/84192\/revisions\/84194"}],"wp:featuredmedia":[{"embeddable":true,"href":"https:\/\/labestiapolitica.com.mx\/index.php?rest_route=\/wp\/v2\/media\/84193"}],"wp:attachment":[{"href":"https:\/\/labestiapolitica.com.mx\/index.php?rest_route=%2Fwp%2Fv2%2Fmedia&parent=84192"}],"wp:term":[{"taxonomy":"category","embeddable":true,"href":"https:\/\/labestiapolitica.com.mx\/index.php?rest_route=%2Fwp%2Fv2%2Fcategories&post=84192"},{"taxonomy":"post_tag","embeddable":true,"href":"https:\/\/labestiapolitica.com.mx\/index.php?rest_route=%2Fwp%2Fv2%2Ftags&post=84192"}],"curies":[{"name":"wp","href":"https:\/\/api.w.org\/{rel}","templated":true}]}}