{"id":84200,"date":"2026-09-01T00:52:45","date_gmt":"2026-09-01T06:52:45","guid":{"rendered":"https:\/\/labestiapolitica.com.mx\/?p=84200"},"modified":"2026-09-01T00:52:55","modified_gmt":"2026-09-01T06:52:55","slug":"pese-a-saber-que-ya-estaban-borradas-ite-ordena-retirar-85-bardas-a-ana-lilia-rivera","status":"publish","type":"post","link":"https:\/\/labestiapolitica.com.mx\/?p=84200","title":{"rendered":"Pese a saber que ya estaban borradas, ITE ordena retirar 85 bardas a Ana Lilia Rivera."},"content":{"rendered":"<ul>\n<li style=\"text-align: justify;\">El Consejo General fue informado por escrito este lunes por la ma\u00f1ana sobre la eliminaci\u00f3n de la propaganda, pero aun as\u00ed aprob\u00f3 una medida cautelar; el propio organismo reconoce que no est\u00e1 acreditada la autor\u00eda, contrataci\u00f3n, pago u orden de la publicidad.<\/li>\n<\/ul>\n<p style=\"text-align: justify;\">El Instituto Tlaxcalteca de Elecciones (ITE) aprob\u00f3 una medida cautelar para ordenar a la senadora con licencia, Ana Lilia Rivera Rivera, retirar, eliminar, cubrir totalmente o blanquear 85 bardas y una lona con expresiones de identificaci\u00f3n directa con la legisladora, pese a que el propio organismo electoral ya hab\u00eda sido informado de que dicha propaganda hab\u00eda sido borrada.<\/p>\n<p style=\"text-align: justify;\">Durante la ma\u00f1ana de este lunes 31 de agosto fue presentado ante el ITE un escrito mediante el cual se hizo del conocimiento del organismo que las 85 bardas se\u00f1aladas ya hab\u00edan sido eliminadas o blanqueadas. No obstante, horas despu\u00e9s, el Consejo General aprob\u00f3 la medida cautelar dentro del expediente CQD\/Q\/AJVC\/CG\/103\/2026.<\/p>\n<p style=\"text-align: justify;\">La notificaci\u00f3n sobre el blanqueo de las bardas fue hecha llegar al ITE v\u00eda correo electr\u00f3nico, por lo que el organismo tuvo conocimiento de que la propaganda denunciada ya hab\u00eda sido eliminada antes de que el Consejo General desahogara el expediente. Bajo esa circunstancia, al haberse realizado previamente la acci\u00f3n que se pretend\u00eda ordenar, ya no exist\u00eda materia respecto de las bardas para la imposici\u00f3n de la medida cautelar.<\/p>\n<p style=\"text-align: justify;\">La determinaci\u00f3n qued\u00f3 establecida en la resoluci\u00f3n ITE-CG 58\/2026, mediante la cual se fij\u00f3 un plazo m\u00e1ximo de 48 horas, a partir de la notificaci\u00f3n, para retirar, eliminar, cubrir o blanquear la propaganda se\u00f1alada.<\/p>\n<p style=\"text-align: justify;\">La resoluci\u00f3n genera cuestionamientos por la oportunidad de la medida, toda vez que el ITE ten\u00eda conocimiento de que las bardas ya hab\u00edan sido borradas antes de aprobar la orden. En los hechos, el organismo electoral determin\u00f3 una acci\u00f3n que, conforme al escrito presentado ese mismo d\u00eda, ya se hab\u00eda llevado a cabo.<\/p>\n<p style=\"text-align: justify;\">Adem\u00e1s, el propio Consejo General reconoce que en esta etapa preliminar no est\u00e1 plenamente acreditada la autor\u00eda, contrataci\u00f3n, pago, orden, consentimiento o colocaci\u00f3n de la propaganda, por lo que la determinaci\u00f3n no establece que Ana Lilia Rivera haya sido quien orden\u00f3 o contrat\u00f3 las bardas.<\/p>\n<p style=\"text-align: justify;\">El ITE se\u00f1ala expresamente que la medida cautelar no implica una declaraci\u00f3n de responsabilidad electoral contra la senadora con licencia y que sus consideraciones no prejuzgan sobre la existencia de las infracciones denunciadas.<\/p>\n<p style=\"text-align: justify;\">La resoluci\u00f3n ocurre en una etapa crucial de la definici\u00f3n de la Coordinaci\u00f3n de la Defensa de la Cuarta Transformaci\u00f3n y la Soberan\u00eda en Tlaxcala, por lo que la actuaci\u00f3n del \u00e1rbitro electoral cobra especial relevancia. El hecho de que el organismo haya sido informado previamente del borrado de las bardas y, pese a ello, haya aprobado la medida cautelar coloca nuevamente bajo escrutinio la actuaci\u00f3n del ITE y la exigencia de imparcialidad que debe regir cualquier proceso interno con impacto pol\u00edtico.<\/p>\n","protected":false},"excerpt":{"rendered":"<p>El Consejo General fue informado por escrito este lunes por la ma\u00f1ana sobre la eliminaci\u00f3n de la propaganda, pero aun as\u00ed aprob\u00f3 una medida cautelar; el propio organismo reconoce que no est\u00e1 acreditada la autor\u00eda, contrataci\u00f3n, pago u orden de la publicidad. El Instituto Tlaxcalteca de Elecciones (ITE) aprob\u00f3 una medida cautelar para ordenar a [&hellip;]<\/p>\n","protected":false},"author":5,"featured_media":84201,"comment_status":"open","ping_status":"open","sticky":false,"template":"","format":"standard","meta":{"footnotes":""},"categories":[247],"tags":[],"class_list":["post-84200","post","type-post","status-publish","format-standard","has-post-thumbnail","hentry","category-politica"],"amp_enabled":true,"_links":{"self":[{"href":"https:\/\/labestiapolitica.com.mx\/index.php?rest_route=\/wp\/v2\/posts\/84200","targetHints":{"allow":["GET"]}}],"collection":[{"href":"https:\/\/labestiapolitica.com.mx\/index.php?rest_route=\/wp\/v2\/posts"}],"about":[{"href":"https:\/\/labestiapolitica.com.mx\/index.php?rest_route=\/wp\/v2\/types\/post"}],"author":[{"embeddable":true,"href":"https:\/\/labestiapolitica.com.mx\/index.php?rest_route=\/wp\/v2\/users\/5"}],"replies":[{"embeddable":true,"href":"https:\/\/labestiapolitica.com.mx\/index.php?rest_route=%2Fwp%2Fv2%2Fcomments&post=84200"}],"version-history":[{"count":1,"href":"https:\/\/labestiapolitica.com.mx\/index.php?rest_route=\/wp\/v2\/posts\/84200\/revisions"}],"predecessor-version":[{"id":84202,"href":"https:\/\/labestiapolitica.com.mx\/index.php?rest_route=\/wp\/v2\/posts\/84200\/revisions\/84202"}],"wp:featuredmedia":[{"embeddable":true,"href":"https:\/\/labestiapolitica.com.mx\/index.php?rest_route=\/wp\/v2\/media\/84201"}],"wp:attachment":[{"href":"https:\/\/labestiapolitica.com.mx\/index.php?rest_route=%2Fwp%2Fv2%2Fmedia&parent=84200"}],"wp:term":[{"taxonomy":"category","embeddable":true,"href":"https:\/\/labestiapolitica.com.mx\/index.php?rest_route=%2Fwp%2Fv2%2Fcategories&post=84200"},{"taxonomy":"post_tag","embeddable":true,"href":"https:\/\/labestiapolitica.com.mx\/index.php?rest_route=%2Fwp%2Fv2%2Ftags&post=84200"}],"curies":[{"name":"wp","href":"https:\/\/api.w.org\/{rel}","templated":true}]}}