{"id":84206,"date":"2026-09-01T09:56:02","date_gmt":"2026-09-01T15:56:02","guid":{"rendered":"https:\/\/labestiapolitica.com.mx\/?p=84206"},"modified":"2026-09-01T09:56:23","modified_gmt":"2026-09-01T15:56:23","slug":"tlaxcala-reconoce-liderazgo-y-resultados-de-claudia-sheinbaum-alfonso-sanchez","status":"publish","type":"post","link":"https:\/\/labestiapolitica.com.mx\/?p=84206","title":{"rendered":"Tlaxcala reconoce liderazgo y resultados de Claudia Sheinbaum: Alfonso S\u00e1nchez."},"content":{"rendered":"<p style=\"text-align: justify;\">El aspirante a la Coordinaci\u00f3n Estatal de Morena, Alfonso S\u00e1nchez refrend\u00f3 su compromiso con la presidenta Claudia Sheinbaum, con la defensa del movimiento de transformaci\u00f3n y, sobre todo, con el pueblo de Tlaxcala, al que llam\u00f3 a seguir participando de manera organizada para consolidar los avances alcanzados y seguir construyendo un estado con mayor bienestar y justicia social.<\/p>\n<p style=\"text-align: justify;\">En el marco de la presentaci\u00f3n del Segundo Informe de Gobierno de la mandataria nacional, el morenista se\u00f1al\u00f3 que miles de tlaxcaltecas han mejorado sus condiciones de vida gracias a los Programas para el Bienestar, que representan una pol\u00edtica social que coloca a las personas en el centro de las decisiones p\u00fablicas y contribuye a reducir la pobreza y la desigualdad.<\/p>\n<p style=\"text-align: justify;\">Alfonso S\u00e1nchez Garc\u00eda afirm\u00f3 que Tlaxcala reconoce el liderazgo, la cercan\u00eda y el trabajo que impulsa la presidenta de M\u00e9xico, Claudia Sheinbaum Pardo, en favor de las familias del estado y del pa\u00eds y que su forma de gobernar basada en la honestidad, la responsabilidad y el compromiso de servir, deben mantenerse como gu\u00eda para quienes participan en el movimiento de transformaci\u00f3n.<\/p>\n<p style=\"text-align: justify;\">S\u00e1nchez Garc\u00eda destac\u00f3 que este martes la ciudadan\u00eda conocer\u00e1 las acciones, resultados y avances alcanzados a casi dos a\u00f1osde administraci\u00f3n de la presidenta Sheinbaum, as\u00ed como las pol\u00edticas que est\u00e1n sentando las bases para la construcci\u00f3n del segundo piso de la Cuarta Transformaci\u00f3n.<\/p>\n<p>&nbsp;<\/p>\n<p><img loading=\"lazy\" decoding=\"async\" class=\"aligncenter wp-image-79046 size-large\" src=\"https:\/\/labestiapolitica.com.mx\/wp-content\/uploads\/2026\/07\/AJ-uni-819x1024.jpeg\" alt=\"\" width=\"640\" height=\"800\" srcset=\"https:\/\/labestiapolitica.com.mx\/wp-content\/uploads\/2026\/07\/AJ-uni-819x1024.jpeg 819w, https:\/\/labestiapolitica.com.mx\/wp-content\/uploads\/2026\/07\/AJ-uni-240x300.jpeg 240w, https:\/\/labestiapolitica.com.mx\/wp-content\/uploads\/2026\/07\/AJ-uni-768x960.jpeg 768w, https:\/\/labestiapolitica.com.mx\/wp-content\/uploads\/2026\/07\/AJ-uni.jpeg 1080w\" sizes=\"auto, (max-width: 640px) 100vw, 640px\" \/><\/p>\n","protected":false},"excerpt":{"rendered":"<p>El aspirante a la Coordinaci\u00f3n Estatal de Morena, Alfonso S\u00e1nchez refrend\u00f3 su compromiso con la presidenta Claudia Sheinbaum, con la defensa del movimiento de transformaci\u00f3n y, sobre todo, con el pueblo de Tlaxcala, al que llam\u00f3 a seguir participando de manera organizada para consolidar los avances alcanzados y seguir construyendo un estado con mayor bienestar [&hellip;]<\/p>\n","protected":false},"author":5,"featured_media":84207,"comment_status":"open","ping_status":"open","sticky":false,"template":"","format":"standard","meta":{"footnotes":""},"categories":[7,247],"tags":[],"class_list":["post-84206","post","type-post","status-publish","format-standard","has-post-thumbnail","hentry","category-ciudadanos","category-politica"],"amp_enabled":true,"_links":{"self":[{"href":"https:\/\/labestiapolitica.com.mx\/index.php?rest_route=\/wp\/v2\/posts\/84206","targetHints":{"allow":["GET"]}}],"collection":[{"href":"https:\/\/labestiapolitica.com.mx\/index.php?rest_route=\/wp\/v2\/posts"}],"about":[{"href":"https:\/\/labestiapolitica.com.mx\/index.php?rest_route=\/wp\/v2\/types\/post"}],"author":[{"embeddable":true,"href":"https:\/\/labestiapolitica.com.mx\/index.php?rest_route=\/wp\/v2\/users\/5"}],"replies":[{"embeddable":true,"href":"https:\/\/labestiapolitica.com.mx\/index.php?rest_route=%2Fwp%2Fv2%2Fcomments&post=84206"}],"version-history":[{"count":1,"href":"https:\/\/labestiapolitica.com.mx\/index.php?rest_route=\/wp\/v2\/posts\/84206\/revisions"}],"predecessor-version":[{"id":84208,"href":"https:\/\/labestiapolitica.com.mx\/index.php?rest_route=\/wp\/v2\/posts\/84206\/revisions\/84208"}],"wp:featuredmedia":[{"embeddable":true,"href":"https:\/\/labestiapolitica.com.mx\/index.php?rest_route=\/wp\/v2\/media\/84207"}],"wp:attachment":[{"href":"https:\/\/labestiapolitica.com.mx\/index.php?rest_route=%2Fwp%2Fv2%2Fmedia&parent=84206"}],"wp:term":[{"taxonomy":"category","embeddable":true,"href":"https:\/\/labestiapolitica.com.mx\/index.php?rest_route=%2Fwp%2Fv2%2Fcategories&post=84206"},{"taxonomy":"post_tag","embeddable":true,"href":"https:\/\/labestiapolitica.com.mx\/index.php?rest_route=%2Fwp%2Fv2%2Ftags&post=84206"}],"curies":[{"name":"wp","href":"https:\/\/api.w.org\/{rel}","templated":true}]}}