{"id":84210,"date":"2026-09-01T10:23:37","date_gmt":"2026-09-01T16:23:37","guid":{"rendered":"https:\/\/labestiapolitica.com.mx\/?p=84210"},"modified":"2026-09-01T10:23:37","modified_gmt":"2026-09-01T16:23:37","slug":"alcalde-carlos-lopez-fortaleces-la-coordinacion-institucional-en-el-inicio-de-los-festejos-patrios-en-la-capital","status":"publish","type":"post","link":"https:\/\/labestiapolitica.com.mx\/?p=84210","title":{"rendered":"Alcalde Carlos L\u00f3pez fortaleces la coordinaci\u00f3n institucional en el inicio de los festejos patrios en la capital."},"content":{"rendered":"<p style=\"text-align: justify;\">En medio de un ambiente de fiesta, el presidente municipal de Tlaxcala, Carlos L\u00f3pez Su\u00e1rez, acompa\u00f1\u00f3 a la gobernadora Lorena Cu\u00e9llar Cisneros y a funcionarios de la administraci\u00f3n estatal en la ceremonia de encendido de la iluminaci\u00f3n patria en el Centro Hist\u00f3rico de la capital, acto con el que se iniciaron oficialmente las actividades conmemorativas por un aniversario m\u00e1s del inicio de la Independencia de M\u00e9xico.<\/p>\n<p style=\"text-align: justify;\">El Centro Hist\u00f3rico luci\u00f3 los colores verde, blanco y rojo, en una noche que reuni\u00f3 a autoridades y ciudadan\u00eda para dar la bienvenida a las celebraciones patrias en uno de los principales espacios p\u00fablicos de la capital.<\/p>\n<p style=\"text-align: justify;\">La ceremonia estuvo acompa\u00f1ada por m\u00fasica de mariachi, un espect\u00e1culo de luces tricolores y la alegr\u00eda de las familias que se dieron cita, quienes disfrutaron de una noche de convivencia, m\u00fasica y baile.<\/p>\n<p style=\"text-align: justify;\">Como cierre de esta actividad, un espect\u00e1culo de pirotecnia ilumin\u00f3 el cielo de la capital, dando un ambiente festivo al arranque de las celebraciones que durante septiembre conmemoran la gesta de Independencia de M\u00e9xico.<\/p>\n<p>&nbsp;<\/p>\n<p><img loading=\"lazy\" decoding=\"async\" class=\"aligncenter wp-image-79046 size-large\" src=\"https:\/\/labestiapolitica.com.mx\/wp-content\/uploads\/2026\/07\/AJ-uni-819x1024.jpeg\" alt=\"\" width=\"640\" height=\"800\" srcset=\"https:\/\/labestiapolitica.com.mx\/wp-content\/uploads\/2026\/07\/AJ-uni-819x1024.jpeg 819w, https:\/\/labestiapolitica.com.mx\/wp-content\/uploads\/2026\/07\/AJ-uni-240x300.jpeg 240w, https:\/\/labestiapolitica.com.mx\/wp-content\/uploads\/2026\/07\/AJ-uni-768x960.jpeg 768w, https:\/\/labestiapolitica.com.mx\/wp-content\/uploads\/2026\/07\/AJ-uni.jpeg 1080w\" sizes=\"auto, (max-width: 640px) 100vw, 640px\" \/><\/p>\n","protected":false},"excerpt":{"rendered":"<p>En medio de un ambiente de fiesta, el presidente municipal de Tlaxcala, Carlos L\u00f3pez Su\u00e1rez, acompa\u00f1\u00f3 a la gobernadora Lorena Cu\u00e9llar Cisneros y a funcionarios de la administraci\u00f3n estatal en la ceremonia de encendido de la iluminaci\u00f3n patria en el Centro Hist\u00f3rico de la capital, acto con el que se iniciaron oficialmente las actividades conmemorativas [&hellip;]<\/p>\n","protected":false},"author":5,"featured_media":84211,"comment_status":"open","ping_status":"open","sticky":false,"template":"","format":"standard","meta":{"footnotes":""},"categories":[216,214],"tags":[],"class_list":["post-84210","post","type-post","status-publish","format-standard","has-post-thumbnail","hentry","category-municipios","category-tlaxcala-capital"],"amp_enabled":true,"_links":{"self":[{"href":"https:\/\/labestiapolitica.com.mx\/index.php?rest_route=\/wp\/v2\/posts\/84210","targetHints":{"allow":["GET"]}}],"collection":[{"href":"https:\/\/labestiapolitica.com.mx\/index.php?rest_route=\/wp\/v2\/posts"}],"about":[{"href":"https:\/\/labestiapolitica.com.mx\/index.php?rest_route=\/wp\/v2\/types\/post"}],"author":[{"embeddable":true,"href":"https:\/\/labestiapolitica.com.mx\/index.php?rest_route=\/wp\/v2\/users\/5"}],"replies":[{"embeddable":true,"href":"https:\/\/labestiapolitica.com.mx\/index.php?rest_route=%2Fwp%2Fv2%2Fcomments&post=84210"}],"version-history":[{"count":1,"href":"https:\/\/labestiapolitica.com.mx\/index.php?rest_route=\/wp\/v2\/posts\/84210\/revisions"}],"predecessor-version":[{"id":84212,"href":"https:\/\/labestiapolitica.com.mx\/index.php?rest_route=\/wp\/v2\/posts\/84210\/revisions\/84212"}],"wp:featuredmedia":[{"embeddable":true,"href":"https:\/\/labestiapolitica.com.mx\/index.php?rest_route=\/wp\/v2\/media\/84211"}],"wp:attachment":[{"href":"https:\/\/labestiapolitica.com.mx\/index.php?rest_route=%2Fwp%2Fv2%2Fmedia&parent=84210"}],"wp:term":[{"taxonomy":"category","embeddable":true,"href":"https:\/\/labestiapolitica.com.mx\/index.php?rest_route=%2Fwp%2Fv2%2Fcategories&post=84210"},{"taxonomy":"post_tag","embeddable":true,"href":"https:\/\/labestiapolitica.com.mx\/index.php?rest_route=%2Fwp%2Fv2%2Ftags&post=84210"}],"curies":[{"name":"wp","href":"https:\/\/api.w.org\/{rel}","templated":true}]}}