{"id":84214,"date":"2026-09-01T11:44:21","date_gmt":"2026-09-01T17:44:21","guid":{"rendered":"https:\/\/labestiapolitica.com.mx\/?p=84214"},"modified":"2026-09-01T11:45:22","modified_gmt":"2026-09-01T17:45:22","slug":"%f0%9f%87%b2%f0%9f%87%bd%f0%9f%8e%89zacatelco-inicia-fiestas-patrias-con-tradicional-pega-de-bandos-solemnes","status":"publish","type":"post","link":"https:\/\/labestiapolitica.com.mx\/?p=84214","title":{"rendered":"\ud83c\uddf2\ud83c\uddfd\ud83c\udf89Zacatelco inicia Fiestas Patrias con tradicional Pega de Bandos Solemnes"},"content":{"rendered":"<p class=\"isSelectedEnd\" style=\"text-align: justify;\"><strong><span class=\"emoji x1rg5ohu xxymvpz x19la9d6 x1fc57z9 x6ikm8r x10wlt62 x19co3pv x11tp94h xw4jnvo x1qx5ct2 xfibh0p xiy17q3 x1xsqp64 x1lkfr7t xexx8yu xyri2b x18d9i69 x1c1uobl\"><span class=\"xy9tlov x1bhl96m\">\u2b50<\/span><\/span>Gabriela Aranda <\/strong><\/p>\n<p class=\"isSelectedEnd\" style=\"text-align: justify;\"><strong>El presidente municipal Jos\u00e9 Miguel Acatzi Luna recorri\u00f3 las distintas secciones para dar a conocer el programa de actividades c\u00edvicas y culturales de septiembre.<\/strong><\/p>\n<p class=\"isSelectedEnd\" style=\"text-align: justify;\">El Gobierno Municipal de Zacatelco dio inicio este 1\u00b0 de septiembre a las actividades conmemorativas del Mes Patrio con la tradicional <strong>Pega de Bandos Solemnes<\/strong>, encabezada por el presidente municipal Jos\u00e9 Miguel Acatzi Luna.<\/p>\n<p class=\"isSelectedEnd\" style=\"text-align: justify;\">Acompa\u00f1ado por integrantes del Ayuntamiento, presidentes de comunidad y autoridades municipales, el alcalde recorri\u00f3 las diferentes secciones de Zacatelco para colocar los bandos y acercar a la poblaci\u00f3n el programa de eventos preparados con motivo de las celebraciones patrias.<\/p>\n<p class=\"isSelectedEnd\" style=\"text-align: justify;\">La actividad marca formalmente el comienzo de una serie de ceremonias c\u00edvicas, culturales y recreativas con las que el municipio conmemorar\u00e1 durante septiembre los acontecimientos hist\u00f3ricos relacionados con la Independencia de M\u00e9xico.<\/p>\n<p class=\"isSelectedEnd\" style=\"text-align: justify;\">Acatzi Luna destac\u00f3 la importancia de mantener vivas estas tradiciones y fomentar entre las familias zacatelquenses el respeto por los s\u00edmbolos patrios, as\u00ed como los valores de identidad, unidad y orgullo nacional.<\/p>\n<p class=\"isSelectedEnd\" style=\"text-align: justify;\">La Pega de Bandos Solemnes forma parte de las actividades con las que el Ayuntamiento busca involucrar a las diferentes comunidades y secciones en las celebraciones del Mes Patrio.<\/p>\n<p class=\"isSelectedEnd\" style=\"text-align: justify;\">El Gobierno Municipal invit\u00f3 a la ciudadan\u00eda a conocer el programa y participar en los distintos eventos que se desarrollar\u00e1n durante septiembre.<\/p>\n","protected":false},"excerpt":{"rendered":"<p>\u2b50Gabriela Aranda El presidente municipal Jos\u00e9 Miguel Acatzi Luna recorri\u00f3 las distintas secciones para dar a conocer el programa de actividades c\u00edvicas y culturales de septiembre. El Gobierno Municipal de Zacatelco dio inicio este 1\u00b0 de septiembre a las actividades conmemorativas del Mes Patrio con la tradicional Pega de Bandos Solemnes, encabezada por el presidente [&hellip;]<\/p>\n","protected":false},"author":3,"featured_media":84217,"comment_status":"open","ping_status":"open","sticky":false,"template":"","format":"standard","meta":{"footnotes":""},"categories":[216,217],"tags":[],"class_list":["post-84214","post","type-post","status-publish","format-standard","has-post-thumbnail","hentry","category-municipios","category-zacatelco"],"amp_enabled":true,"_links":{"self":[{"href":"https:\/\/labestiapolitica.com.mx\/index.php?rest_route=\/wp\/v2\/posts\/84214","targetHints":{"allow":["GET"]}}],"collection":[{"href":"https:\/\/labestiapolitica.com.mx\/index.php?rest_route=\/wp\/v2\/posts"}],"about":[{"href":"https:\/\/labestiapolitica.com.mx\/index.php?rest_route=\/wp\/v2\/types\/post"}],"author":[{"embeddable":true,"href":"https:\/\/labestiapolitica.com.mx\/index.php?rest_route=\/wp\/v2\/users\/3"}],"replies":[{"embeddable":true,"href":"https:\/\/labestiapolitica.com.mx\/index.php?rest_route=%2Fwp%2Fv2%2Fcomments&post=84214"}],"version-history":[{"count":2,"href":"https:\/\/labestiapolitica.com.mx\/index.php?rest_route=\/wp\/v2\/posts\/84214\/revisions"}],"predecessor-version":[{"id":84218,"href":"https:\/\/labestiapolitica.com.mx\/index.php?rest_route=\/wp\/v2\/posts\/84214\/revisions\/84218"}],"wp:featuredmedia":[{"embeddable":true,"href":"https:\/\/labestiapolitica.com.mx\/index.php?rest_route=\/wp\/v2\/media\/84217"}],"wp:attachment":[{"href":"https:\/\/labestiapolitica.com.mx\/index.php?rest_route=%2Fwp%2Fv2%2Fmedia&parent=84214"}],"wp:term":[{"taxonomy":"category","embeddable":true,"href":"https:\/\/labestiapolitica.com.mx\/index.php?rest_route=%2Fwp%2Fv2%2Fcategories&post=84214"},{"taxonomy":"post_tag","embeddable":true,"href":"https:\/\/labestiapolitica.com.mx\/index.php?rest_route=%2Fwp%2Fv2%2Ftags&post=84214"}],"curies":[{"name":"wp","href":"https:\/\/api.w.org\/{rel}","templated":true}]}}