{"id":84224,"date":"2026-09-01T12:34:09","date_gmt":"2026-09-01T18:34:09","guid":{"rendered":"https:\/\/labestiapolitica.com.mx\/?p=84224"},"modified":"2026-09-01T12:34:09","modified_gmt":"2026-09-01T18:34:09","slug":"vicente-morales-suma-seis-anos-al-frente-del-comite-de-administracion-del-congreso-de-tlaxcala","status":"publish","type":"post","link":"https:\/\/labestiapolitica.com.mx\/?p=84224","title":{"rendered":"Vicente Morales suma seis a\u00f1os al frente del Comit\u00e9 de Administraci\u00f3n del Congreso de Tlaxcala."},"content":{"rendered":"<p style=\"text-align: justify;\"><em><strong>Mariana Lovera<\/strong> <\/em>| El diputado Vicente Morales P\u00e9rez suma ya seis a\u00f1os consecutivos al frente del Comit\u00e9 de Administraci\u00f3n del Congreso del Estado de Tlaxcala, luego de que este 1 de septiembre fuera nuevamente designado para encabezar este \u00f3rgano durante el tercer a\u00f1o de ejercicio de la LXV Legislatura.<\/p>\n<p style=\"text-align: justify;\">Con esta nueva ratificaci\u00f3n, Morales P\u00e9rez mantiene el control de uno de los \u00f3rganos m\u00e1s relevantes en la operaci\u00f3n interna del Poder Legislativo, responsable de la administraci\u00f3n de los recursos humanos, financieros, tecnol\u00f3gicos y materiales del Congreso.<\/p>\n<p style=\"text-align: justify;\">Su permanencia comenz\u00f3 en 2021, cuando fue elegido por primera vez como presidente del Comit\u00e9 de Administraci\u00f3n durante la LXIV Legislatura. Un a\u00f1o despu\u00e9s, el Pleno volvi\u00f3 a respaldarlo para continuar en el cargo.<\/p>\n<p style=\"text-align: justify;\">La continuidad se extendi\u00f3 durante el resto de la LXIV Legislatura y, al iniciar la LXV Legislatura en 2024, nuevamente fue elegido para encabezar el Comit\u00e9 de Administraci\u00f3n, ahora durante el primer a\u00f1o del nuevo periodo legislativo.<\/p>\n<p style=\"text-align: justify;\">Posteriormente, Morales P\u00e9rez permaneci\u00f3 al frente durante el segundo a\u00f1o de la LXV Legislatura y este 1 de septiembre de 2026 volvi\u00f3 a ser designado, con lo que alcanzar\u00e1 un sexto a\u00f1o consecutivo en esta responsabilidad.<\/p>\n<p style=\"text-align: justify;\">De esta manera, el legislador emanado de Morena se ha mantenido pr\u00e1cticamente de manera ininterrumpida desde el inicio de la LXIV Legislatura en una posici\u00f3n estrat\u00e9gica para la operaci\u00f3n administrativa del Congreso.<\/p>\n<p style=\"text-align: justify;\">El cargo tambi\u00e9n lo ha colocado como uno de los principales responsables de informar sobre el ejercicio de los recursos del Poder Legislativo. Durante 2026, por ejemplo, particip\u00f3 en la entrega de las cuentas p\u00fablicas trimestrales del Congreso en su calidad de presidente del Comit\u00e9 de Administraci\u00f3n.<\/p>\n<h2 style=\"text-align: justify;\">Seis a\u00f1os y dos legislaturas<\/h2>\n<p style=\"text-align: justify;\">La trayectoria de Vicente Morales al frente del Comit\u00e9 puede resumirse as\u00ed:<\/p>\n<ul>\n<li style=\"text-align: justify;\">2021-2022: Primer a\u00f1o de la LXIV Legislatura.<\/li>\n<li style=\"text-align: justify;\">2022-2023: Segundo a\u00f1o de la LXIV Legislatura.<\/li>\n<li style=\"text-align: justify;\">2023-2024: Tercer a\u00f1o de la LXIV Legislatura.<\/li>\n<li style=\"text-align: justify;\">2024-2025: Primer a\u00f1o de la LXV Legislatura.<\/li>\n<li style=\"text-align: justify;\">2025-2026: Segundo a\u00f1o de la LXV Legislatura.<\/li>\n<li style=\"text-align: justify;\">2026-2027: Tercer a\u00f1o de la LXV Legislatura, tras su nueva designaci\u00f3n este 1 de septiembre.<\/li>\n<\/ul>\n<p style=\"text-align: justify;\">As\u00ed, Vicente Morales acumula seis a\u00f1os consecutivos como presidente del Comit\u00e9 de Administraci\u00f3n, una permanencia que abarca dos legislaturas.<\/p>\n","protected":false},"excerpt":{"rendered":"<p>Mariana Lovera | El diputado Vicente Morales P\u00e9rez suma ya seis a\u00f1os consecutivos al frente del Comit\u00e9 de Administraci\u00f3n del Congreso del Estado de Tlaxcala, luego de que este 1 de septiembre fuera nuevamente designado para encabezar este \u00f3rgano durante el tercer a\u00f1o de ejercicio de la LXV Legislatura. Con esta nueva ratificaci\u00f3n, Morales P\u00e9rez [&hellip;]<\/p>\n","protected":false},"author":6,"featured_media":84225,"comment_status":"open","ping_status":"open","sticky":false,"template":"","format":"standard","meta":{"footnotes":""},"categories":[3,247],"tags":[],"class_list":["post-84224","post","type-post","status-publish","format-standard","has-post-thumbnail","hentry","category-8-columnas","category-politica"],"amp_enabled":true,"_links":{"self":[{"href":"https:\/\/labestiapolitica.com.mx\/index.php?rest_route=\/wp\/v2\/posts\/84224","targetHints":{"allow":["GET"]}}],"collection":[{"href":"https:\/\/labestiapolitica.com.mx\/index.php?rest_route=\/wp\/v2\/posts"}],"about":[{"href":"https:\/\/labestiapolitica.com.mx\/index.php?rest_route=\/wp\/v2\/types\/post"}],"author":[{"embeddable":true,"href":"https:\/\/labestiapolitica.com.mx\/index.php?rest_route=\/wp\/v2\/users\/6"}],"replies":[{"embeddable":true,"href":"https:\/\/labestiapolitica.com.mx\/index.php?rest_route=%2Fwp%2Fv2%2Fcomments&post=84224"}],"version-history":[{"count":1,"href":"https:\/\/labestiapolitica.com.mx\/index.php?rest_route=\/wp\/v2\/posts\/84224\/revisions"}],"predecessor-version":[{"id":84226,"href":"https:\/\/labestiapolitica.com.mx\/index.php?rest_route=\/wp\/v2\/posts\/84224\/revisions\/84226"}],"wp:featuredmedia":[{"embeddable":true,"href":"https:\/\/labestiapolitica.com.mx\/index.php?rest_route=\/wp\/v2\/media\/84225"}],"wp:attachment":[{"href":"https:\/\/labestiapolitica.com.mx\/index.php?rest_route=%2Fwp%2Fv2%2Fmedia&parent=84224"}],"wp:term":[{"taxonomy":"category","embeddable":true,"href":"https:\/\/labestiapolitica.com.mx\/index.php?rest_route=%2Fwp%2Fv2%2Fcategories&post=84224"},{"taxonomy":"post_tag","embeddable":true,"href":"https:\/\/labestiapolitica.com.mx\/index.php?rest_route=%2Fwp%2Fv2%2Ftags&post=84224"}],"curies":[{"name":"wp","href":"https:\/\/api.w.org\/{rel}","templated":true}]}}