{"id":84228,"date":"2026-09-01T12:50:32","date_gmt":"2026-09-01T18:50:32","guid":{"rendered":"https:\/\/labestiapolitica.com.mx\/?p=84228"},"modified":"2026-09-01T12:50:47","modified_gmt":"2026-09-01T18:50:47","slug":"inicia-tetla-festejos-patrios-con-colocacion-de-bandos-giovani-montiel-llama-a-redoblar-esfuerzos","status":"publish","type":"post","link":"https:\/\/labestiapolitica.com.mx\/?p=84228","title":{"rendered":"Inicia Tetla festejos patrios con colocaci\u00f3n de bandos; Giovani Montiel llama a redoblar esfuerzos."},"content":{"rendered":"<ul>\n<li style=\"text-align: justify;\">El presidente municipal destac\u00f3 que las actividades buscan fortalecer la convivencia familiar y llam\u00f3 a servidores p\u00fablicos a mantener el trabajo intenso en el \u00faltimo a\u00f1o de administraci\u00f3n<\/li>\n<\/ul>\n<p style=\"text-align: justify;\"><em><strong>Daniel Angulo<\/strong><\/em> | Con la colocaci\u00f3n de los bandos que anuncian las actividades c\u00edvicas del mes patrio, el Ayuntamiento de Tetla de la Solidaridad, encabezado por el presidente municipal Giovani Montiel L\u00f3pez, dio inicio a los festejos por el aniversario de la Independencia de M\u00e9xico.<\/p>\n<p style=\"text-align: justify;\">El alcalde se\u00f1al\u00f3 que las celebraciones contemplan no solo actos c\u00edvicos, sino tambi\u00e9n actividades art\u00edsticas y de convivencia para las familias del municipio, bajo una organizaci\u00f3n que permita mantener el ambiente de paz, tranquilidad y alegr\u00eda que, -dijo-, caracteriza a Tetla.<\/p>\n<p style=\"text-align: justify;\">Durante su mensaje, Montiel L\u00f3pez llam\u00f3 a la poblaci\u00f3n a asumir la celebraci\u00f3n de la Independencia como una oportunidad para reflexionar sobre la responsabilidad ciudadana, el respeto a los derechos, el cumplimiento de las obligaciones y el apego a las leyes.<\/p>\n<p style=\"text-align: justify;\">Consider\u00f3 que honrar a quienes dieron su vida por la patria tambi\u00e9n implica trabajar todos los d\u00edas desde la responsabilidad que corresponde a cada ciudadano y, particularmente, desde el servicio p\u00fablico.<\/p>\n<p style=\"text-align: justify;\">En este sentido, durante el homenaje realizado con trabajadores del Ayuntamiento, el presidente municipal llam\u00f3 a sus colaboradores a redoblar esfuerzos, al se\u00f1alar que se encuentran a un a\u00f1o de concluir la actual administraci\u00f3n.<\/p>\n<p style=\"text-align: justify;\">\u201cSeguiremos trabajando de manera intensa para dar buenos resultados a la poblaci\u00f3n\u201d, sostuvo.<\/p>\n<p style=\"text-align: justify;\">El edil adelant\u00f3 que en los pr\u00f3ximos d\u00edas se dar\u00e1 a conocer formalmente el programa completo de actividades patrias, que incluir\u00e1 los eventos c\u00edvicos y art\u00edsticos preparados por el Ayuntamiento para la poblaci\u00f3n.<\/p>\n","protected":false},"excerpt":{"rendered":"<p>El presidente municipal destac\u00f3 que las actividades buscan fortalecer la convivencia familiar y llam\u00f3 a servidores p\u00fablicos a mantener el trabajo intenso en el \u00faltimo a\u00f1o de administraci\u00f3n Daniel Angulo | Con la colocaci\u00f3n de los bandos que anuncian las actividades c\u00edvicas del mes patrio, el Ayuntamiento de Tetla de la Solidaridad, encabezado por el [&hellip;]<\/p>\n","protected":false},"author":5,"featured_media":84229,"comment_status":"open","ping_status":"open","sticky":false,"template":"","format":"standard","meta":{"footnotes":""},"categories":[216,227],"tags":[],"class_list":["post-84228","post","type-post","status-publish","format-standard","has-post-thumbnail","hentry","category-municipios","category-tetla"],"amp_enabled":true,"_links":{"self":[{"href":"https:\/\/labestiapolitica.com.mx\/index.php?rest_route=\/wp\/v2\/posts\/84228","targetHints":{"allow":["GET"]}}],"collection":[{"href":"https:\/\/labestiapolitica.com.mx\/index.php?rest_route=\/wp\/v2\/posts"}],"about":[{"href":"https:\/\/labestiapolitica.com.mx\/index.php?rest_route=\/wp\/v2\/types\/post"}],"author":[{"embeddable":true,"href":"https:\/\/labestiapolitica.com.mx\/index.php?rest_route=\/wp\/v2\/users\/5"}],"replies":[{"embeddable":true,"href":"https:\/\/labestiapolitica.com.mx\/index.php?rest_route=%2Fwp%2Fv2%2Fcomments&post=84228"}],"version-history":[{"count":1,"href":"https:\/\/labestiapolitica.com.mx\/index.php?rest_route=\/wp\/v2\/posts\/84228\/revisions"}],"predecessor-version":[{"id":84230,"href":"https:\/\/labestiapolitica.com.mx\/index.php?rest_route=\/wp\/v2\/posts\/84228\/revisions\/84230"}],"wp:featuredmedia":[{"embeddable":true,"href":"https:\/\/labestiapolitica.com.mx\/index.php?rest_route=\/wp\/v2\/media\/84229"}],"wp:attachment":[{"href":"https:\/\/labestiapolitica.com.mx\/index.php?rest_route=%2Fwp%2Fv2%2Fmedia&parent=84228"}],"wp:term":[{"taxonomy":"category","embeddable":true,"href":"https:\/\/labestiapolitica.com.mx\/index.php?rest_route=%2Fwp%2Fv2%2Fcategories&post=84228"},{"taxonomy":"post_tag","embeddable":true,"href":"https:\/\/labestiapolitica.com.mx\/index.php?rest_route=%2Fwp%2Fv2%2Ftags&post=84228"}],"curies":[{"name":"wp","href":"https:\/\/api.w.org\/{rel}","templated":true}]}}