{"id":84231,"date":"2026-09-01T12:54:19","date_gmt":"2026-09-01T18:54:19","guid":{"rendered":"https:\/\/labestiapolitica.com.mx\/?p=84231"},"modified":"2026-09-01T12:54:19","modified_gmt":"2026-09-01T18:54:19","slug":"apizaco-da-inicio-al-mes-patrio-con-izamiento-de-bandera-y-colocacion-de-bandos-solemnes","status":"publish","type":"post","link":"https:\/\/labestiapolitica.com.mx\/?p=84231","title":{"rendered":"Apizaco da inicio al mes patrio con izamiento de bandera y colocaci\u00f3n de Bandos Solemnes."},"content":{"rendered":"<p style=\"text-align: justify;\"><em><strong>Demian M\u00e1rquez | <\/strong><\/em>El presidente municipal de Apizaco, Javier Rivera Bonilla, encabez\u00f3 el acto de izamiento de la bandera y colocaci\u00f3n de los Bandos Solemnes en la explanada del Parque Cuauht\u00e9moc, con lo que arrancaron oficialmente las actividades conmemorativas del mes patrio en el municipio.<\/p>\n<p style=\"text-align: justify;\">Ante ciudadanos, estudiantes, integrantes del Cabildo y presidentes de comunidad, el alcalde destac\u00f3 que los Bandos Solemnes representan una tradici\u00f3n que mantiene presentes los acontecimientos que dieron origen a la Independencia de M\u00e9xico y llam\u00f3 a vivir septiembre bajo principios de respeto, orden y convivencia.<\/p>\n<p style=\"text-align: justify;\">Rivera Bonilla sostuvo que el patriotismo no debe limitarse a las celebraciones de septiembre, sino reflejarse diariamente mediante el trabajo, la honestidad, la solidaridad y la participaci\u00f3n de los ciudadanos para mejorar las condiciones del municipio.<\/p>\n<p style=\"text-align: justify;\">El edil tambi\u00e9n refrend\u00f3 el compromiso de su administraci\u00f3n de mantener un gobierno cercano a la poblaci\u00f3n y transparente, adem\u00e1s de convocar a los apizaquenses a participar en las actividades patrias con orgullo y unidad, tomando como referencia el legado de quienes contribuyeron a la construcci\u00f3n del pa\u00eds.<\/p>\n<p style=\"text-align: justify;\">Tras la ceremonia, los Bandos Solemnes fueron colocados en distintos puntos de la ciudad, entre ellos la Presidencia Municipal, la antigua estaci\u00f3n, Tesorer\u00eda, el Centro Cultural La Libertad, la Direcci\u00f3n de Seguridad P\u00fablica y el DIF Municipal.<\/p>\n","protected":false},"excerpt":{"rendered":"<p>Demian M\u00e1rquez | El presidente municipal de Apizaco, Javier Rivera Bonilla, encabez\u00f3 el acto de izamiento de la bandera y colocaci\u00f3n de los Bandos Solemnes en la explanada del Parque Cuauht\u00e9moc, con lo que arrancaron oficialmente las actividades conmemorativas del mes patrio en el municipio. Ante ciudadanos, estudiantes, integrantes del Cabildo y presidentes de comunidad, [&hellip;]<\/p>\n","protected":false},"author":5,"featured_media":84232,"comment_status":"open","ping_status":"open","sticky":false,"template":"","format":"standard","meta":{"footnotes":""},"categories":[226,216],"tags":[],"class_list":["post-84231","post","type-post","status-publish","format-standard","has-post-thumbnail","hentry","category-apizaco","category-municipios"],"amp_enabled":true,"_links":{"self":[{"href":"https:\/\/labestiapolitica.com.mx\/index.php?rest_route=\/wp\/v2\/posts\/84231","targetHints":{"allow":["GET"]}}],"collection":[{"href":"https:\/\/labestiapolitica.com.mx\/index.php?rest_route=\/wp\/v2\/posts"}],"about":[{"href":"https:\/\/labestiapolitica.com.mx\/index.php?rest_route=\/wp\/v2\/types\/post"}],"author":[{"embeddable":true,"href":"https:\/\/labestiapolitica.com.mx\/index.php?rest_route=\/wp\/v2\/users\/5"}],"replies":[{"embeddable":true,"href":"https:\/\/labestiapolitica.com.mx\/index.php?rest_route=%2Fwp%2Fv2%2Fcomments&post=84231"}],"version-history":[{"count":1,"href":"https:\/\/labestiapolitica.com.mx\/index.php?rest_route=\/wp\/v2\/posts\/84231\/revisions"}],"predecessor-version":[{"id":84233,"href":"https:\/\/labestiapolitica.com.mx\/index.php?rest_route=\/wp\/v2\/posts\/84231\/revisions\/84233"}],"wp:featuredmedia":[{"embeddable":true,"href":"https:\/\/labestiapolitica.com.mx\/index.php?rest_route=\/wp\/v2\/media\/84232"}],"wp:attachment":[{"href":"https:\/\/labestiapolitica.com.mx\/index.php?rest_route=%2Fwp%2Fv2%2Fmedia&parent=84231"}],"wp:term":[{"taxonomy":"category","embeddable":true,"href":"https:\/\/labestiapolitica.com.mx\/index.php?rest_route=%2Fwp%2Fv2%2Fcategories&post=84231"},{"taxonomy":"post_tag","embeddable":true,"href":"https:\/\/labestiapolitica.com.mx\/index.php?rest_route=%2Fwp%2Fv2%2Ftags&post=84231"}],"curies":[{"name":"wp","href":"https:\/\/api.w.org\/{rel}","templated":true}]}}