{"id":84234,"date":"2026-09-01T12:57:41","date_gmt":"2026-09-01T18:57:41","guid":{"rendered":"https:\/\/labestiapolitica.com.mx\/?p=84234"},"modified":"2026-09-01T12:57:41","modified_gmt":"2026-09-01T18:57:41","slug":"llevo-la-cedht-brigadas-escolares-a-instituciones-de-nivel-basico-en-el-inicio-del-ciclo-escolar-2026-2027","status":"publish","type":"post","link":"https:\/\/labestiapolitica.com.mx\/?p=84234","title":{"rendered":"Llev\u00f3 la CEDHT Brigadas escolares a instituciones de nivel b\u00e1sico en el inicio del ciclo escolar 2026-2027."},"content":{"rendered":"<ul>\n<li style=\"text-align: justify;\"><em>Brind\u00f3 en las escuelas <\/em><em>informaci\u00f3n, orientaci\u00f3n y sensibilizaci\u00f3n para prevenir situaciones que vulneren los derechos humanos de NNA<\/em><\/li>\n<\/ul>\n<p style=\"text-align: justify;\">En el inicio del ciclo escolar 2026-2027, la Comisi\u00f3n Estatal de Derechos Humanos de Tlaxcala (CEDHT) implement\u00f3 el programa de Brigadas en Centros Escolares en el nivel b\u00e1sico, para articular con la comunidad educativa, acciones de promoci\u00f3n, protecci\u00f3n, garant\u00eda y defensa de Derechos Humanos, a trav\u00e9s de informaci\u00f3n, orientaci\u00f3n, sensibilizaci\u00f3n, herramientas y mecanismos de protecci\u00f3n que permitan prevenir situaciones que vulneren los derechos humanos de ni\u00f1as, ni\u00f1os y adolescentes (NNA).<\/p>\n<p style=\"text-align: justify;\">Defensoras y defensores, encabezados por la presidenta del organismo, Jakqueline Ordo\u00f1ez Brasdefer, instalaron m\u00f3dulos de informaci\u00f3n en 15 escuelas primarias y secundarias, p\u00fablicas y privadas, de los municipios de Tlaxco, Contla, Chiautempan, Apizaco, Atltzayanca, Tlaxcala y Santa Cruz Tlaxcala.<\/p>\n<p style=\"text-align: justify;\">Asimismo, la y los integrantes del consejo consultivo Leticia Valera Gonz\u00e1lez, Agust\u00edn Flores Pe\u00f1a, Fernando George Zecua y Jes\u00fas Rivera Pantoja, participaron en diferentes escuelas dando atenci\u00f3n e informaci\u00f3n a padres y madres de familia, personas tutoras, estudiantes y docentes.<\/p>\n<p style=\"text-align: justify;\">Este programa contempla dos fases, la primera es la instalaci\u00f3n de las Brigadas escolares para fortalecer la defensa y cultura de los derechos humanos, prevenir posibles violaciones a los derechos de NNA e identificar factores de riesgo, a trav\u00e9s de pl\u00e1ticas sobre derechos humanos, entrega de material informativo, orientaci\u00f3n jur\u00eddica, levantamiento de queja en el supuesto de ser necesario y atenci\u00f3n de dudas de estudiantes, docentes, madres, padres de familia y\/ o personas cuidadoras.<\/p>\n<p style=\"text-align: justify;\">La segunda fase consistir\u00e1 en establecer acciones de promoci\u00f3n, protecci\u00f3n y garant\u00eda de Derechos Humanos, mediante una estrategia dise\u00f1ada en promover en las infancias y adolescencias la concientizaci\u00f3n de la defensa de sus derechos en sus espacios educativos.<\/p>\n<p style=\"text-align: justify;\">Con estas acciones, la CEDHT busca que haya mayor conocimiento de los derechos humanos en la comunidad educativa, que disminuyan los factores de riesgo mediante acciones preventivas y que se fortalezca la coordinaci\u00f3n entre instituciones.<\/p>\n<p style=\"text-align: justify;\">\n<p style=\"text-align: justify;\"><strong> <img loading=\"lazy\" decoding=\"async\" class=\"aligncenter wp-image-79046 size-large\" src=\"https:\/\/labestiapolitica.com.mx\/wp-content\/uploads\/2026\/07\/AJ-uni-819x1024.jpeg\" alt=\"\" width=\"640\" height=\"800\" srcset=\"https:\/\/labestiapolitica.com.mx\/wp-content\/uploads\/2026\/07\/AJ-uni-819x1024.jpeg 819w, https:\/\/labestiapolitica.com.mx\/wp-content\/uploads\/2026\/07\/AJ-uni-240x300.jpeg 240w, https:\/\/labestiapolitica.com.mx\/wp-content\/uploads\/2026\/07\/AJ-uni-768x960.jpeg 768w, https:\/\/labestiapolitica.com.mx\/wp-content\/uploads\/2026\/07\/AJ-uni.jpeg 1080w\" sizes=\"auto, (max-width: 640px) 100vw, 640px\" \/><\/strong><\/p>\n","protected":false},"excerpt":{"rendered":"<p>Brind\u00f3 en las escuelas informaci\u00f3n, orientaci\u00f3n y sensibilizaci\u00f3n para prevenir situaciones que vulneren los derechos humanos de NNA En el inicio del ciclo escolar 2026-2027, la Comisi\u00f3n Estatal de Derechos Humanos de Tlaxcala (CEDHT) implement\u00f3 el programa de Brigadas en Centros Escolares en el nivel b\u00e1sico, para articular con la comunidad educativa, acciones de promoci\u00f3n, [&hellip;]<\/p>\n","protected":false},"author":5,"featured_media":84235,"comment_status":"open","ping_status":"open","sticky":false,"template":"","format":"standard","meta":{"footnotes":""},"categories":[232],"tags":[],"class_list":["post-84234","post","type-post","status-publish","format-standard","has-post-thumbnail","hentry","category-derechos-humanos-tlaxcala"],"amp_enabled":true,"_links":{"self":[{"href":"https:\/\/labestiapolitica.com.mx\/index.php?rest_route=\/wp\/v2\/posts\/84234","targetHints":{"allow":["GET"]}}],"collection":[{"href":"https:\/\/labestiapolitica.com.mx\/index.php?rest_route=\/wp\/v2\/posts"}],"about":[{"href":"https:\/\/labestiapolitica.com.mx\/index.php?rest_route=\/wp\/v2\/types\/post"}],"author":[{"embeddable":true,"href":"https:\/\/labestiapolitica.com.mx\/index.php?rest_route=\/wp\/v2\/users\/5"}],"replies":[{"embeddable":true,"href":"https:\/\/labestiapolitica.com.mx\/index.php?rest_route=%2Fwp%2Fv2%2Fcomments&post=84234"}],"version-history":[{"count":1,"href":"https:\/\/labestiapolitica.com.mx\/index.php?rest_route=\/wp\/v2\/posts\/84234\/revisions"}],"predecessor-version":[{"id":84236,"href":"https:\/\/labestiapolitica.com.mx\/index.php?rest_route=\/wp\/v2\/posts\/84234\/revisions\/84236"}],"wp:featuredmedia":[{"embeddable":true,"href":"https:\/\/labestiapolitica.com.mx\/index.php?rest_route=\/wp\/v2\/media\/84235"}],"wp:attachment":[{"href":"https:\/\/labestiapolitica.com.mx\/index.php?rest_route=%2Fwp%2Fv2%2Fmedia&parent=84234"}],"wp:term":[{"taxonomy":"category","embeddable":true,"href":"https:\/\/labestiapolitica.com.mx\/index.php?rest_route=%2Fwp%2Fv2%2Fcategories&post=84234"},{"taxonomy":"post_tag","embeddable":true,"href":"https:\/\/labestiapolitica.com.mx\/index.php?rest_route=%2Fwp%2Fv2%2Ftags&post=84234"}],"curies":[{"name":"wp","href":"https:\/\/api.w.org\/{rel}","templated":true}]}}