{"id":84241,"date":"2026-09-01T14:30:07","date_gmt":"2026-09-01T20:30:07","guid":{"rendered":"https:\/\/labestiapolitica.com.mx\/?p=84241"},"modified":"2026-09-01T16:02:42","modified_gmt":"2026-09-01T22:02:42","slug":"congreso-define-coordinadores-parlamentarios-y-representantes-de-partido-para-el-tercer-ano-de-la-lxv-legislatura","status":"publish","type":"post","link":"https:\/\/labestiapolitica.com.mx\/?p=84241","title":{"rendered":"Congreso define coordinadores parlamentarios y representantes de partido para el tercer a\u00f1o de la LXV Legislatura"},"content":{"rendered":"<p style=\"text-align: justify;\">Mariana LOVERA\/\/ De cara al inicio del tercer a\u00f1o de ejercicio legal de la LXV Legislatura del Congreso del Estado de Tlaxcala, los grupos parlamentarios y las representaciones de partido formalizaron ante la Mesa Directiva qui\u00e9nes ser\u00e1n sus coordinadores y representantes en la Junta de Coordinaci\u00f3n y Concertaci\u00f3n Pol\u00edtica.<\/p>\n<p style=\"text-align: justify;\">Morena ratific\u00f3 al diputado Ever Alejandro Campech Avelar como coordinador de su Grupo Parlamentario.<\/p>\n<p style=\"text-align: justify;\">Por el Partido del Trabajo (PT), fue designado Silvano Garay Loredo como coordinador del Grupo Parlamentario, mientras que la diputada Maribel Cervantes Hern\u00e1ndez fue nombrada representante de esa bancada ante el Comit\u00e9 de Administraci\u00f3n.<\/p>\n<p style=\"text-align: justify;\">En el caso de Nueva Alianza Tlaxcala, el diputado Bladimir Zainos Flores fue designado coordinador del Grupo Parlamentario, mientras que Engracia Morales Delgado fungir\u00e1 como representante del partido ante el Comit\u00e9 de Administraci\u00f3n del Congreso del Estado.<\/p>\n<p style=\"text-align: justify;\">Por Fuerza por M\u00e9xico Tlaxcala, la diputada Reyna Flor B\u00e1ez Lozano mantendr\u00e1 la representaci\u00f3n del instituto pol\u00edtico durante el tercer a\u00f1o de ejercicio legal y, en consecuencia, formar\u00e1 parte de la Junta de Coordinaci\u00f3n y Concertaci\u00f3n Pol\u00edtica.<\/p>\n<p style=\"text-align: justify;\">En cuanto al Partido Revolucionario Institucional (PRI), la diputada Sandra Guadalupe Aguilar Vega notific\u00f3 la ratificaci\u00f3n de su pertenencia y representaci\u00f3n partidista dentro de la LXV Legislatura.<\/p>\n<p style=\"text-align: justify;\">La diputada Laura Yamili Flores Lozano continuar\u00e1 como representante del Partido de la Revoluci\u00f3n Democr\u00e1tica Tlaxcala (PRDT) y solicit\u00f3 ser reconocida con ese car\u00e1cter para integrar la Junta de Coordinaci\u00f3n y Concertaci\u00f3n Pol\u00edtica.<\/p>\n<p style=\"text-align: justify;\">Por el Partido Alianza Ciudadana (PAC), el diputado H\u00e9ctor Israel Ortiz Ortiz comunic\u00f3 que, en su calidad de representante de ese instituto pol\u00edtico, integrar\u00e1 tambi\u00e9n la Junta de Coordinaci\u00f3n y Concertaci\u00f3n Pol\u00edtica durante este periodo legislativo.<\/p>\n<p style=\"text-align: justify;\">Asimismo, la diputada Mar\u00eda Aurora Villeda Temoltzin manifest\u00f3 formalmente su voluntad de fungir como representante de Redes Sociales Progresistas (RSP) y formar parte de la Junta de Coordinaci\u00f3n y Concertaci\u00f3n Pol\u00edtica.<\/p>\n<p style=\"text-align: justify;\">Finalmente, por el Partido Acci\u00f3n Nacional (PAN), la diputada Miriam Esmeralda Mart\u00ednez S\u00e1nchez inform\u00f3 que ser\u00e1 la representante de Acci\u00f3n Nacional e integrante de la Junta de Coordinaci\u00f3n y Concertaci\u00f3n Pol\u00edtica durante el tercer a\u00f1o legislativo.<\/p>\n<p style=\"text-align: justify;\">De esta manera, para el tercer a\u00f1o de ejercicio legal de la LXV Legislatura quedan formalizadas las representaciones de Morena, PT, Nueva Alianza Tlaxcala, Fuerza por M\u00e9xico Tlaxcala, PRI, PRDT, PAC, Redes Sociales Progresistas y PAN, cuyos coordinadores y representantes participar\u00e1n en la conducci\u00f3n pol\u00edtica y parlamentaria del Congreso local.<\/p>\n","protected":false},"excerpt":{"rendered":"<p>Mariana LOVERA\/\/ De cara al inicio del tercer a\u00f1o de ejercicio legal de la LXV Legislatura del Congreso del Estado de Tlaxcala, los grupos parlamentarios y las representaciones de partido formalizaron ante la Mesa Directiva qui\u00e9nes ser\u00e1n sus coordinadores y representantes en la Junta de Coordinaci\u00f3n y Concertaci\u00f3n Pol\u00edtica. Morena ratific\u00f3 al diputado Ever Alejandro [&hellip;]<\/p>\n","protected":false},"author":6,"featured_media":84242,"comment_status":"open","ping_status":"open","sticky":false,"template":"","format":"standard","meta":{"footnotes":""},"categories":[3,224],"tags":[],"class_list":["post-84241","post","type-post","status-publish","format-standard","has-post-thumbnail","hentry","category-8-columnas","category-congreso-del-estado-de-tlaxcala"],"amp_enabled":true,"_links":{"self":[{"href":"https:\/\/labestiapolitica.com.mx\/index.php?rest_route=\/wp\/v2\/posts\/84241","targetHints":{"allow":["GET"]}}],"collection":[{"href":"https:\/\/labestiapolitica.com.mx\/index.php?rest_route=\/wp\/v2\/posts"}],"about":[{"href":"https:\/\/labestiapolitica.com.mx\/index.php?rest_route=\/wp\/v2\/types\/post"}],"author":[{"embeddable":true,"href":"https:\/\/labestiapolitica.com.mx\/index.php?rest_route=\/wp\/v2\/users\/6"}],"replies":[{"embeddable":true,"href":"https:\/\/labestiapolitica.com.mx\/index.php?rest_route=%2Fwp%2Fv2%2Fcomments&post=84241"}],"version-history":[{"count":1,"href":"https:\/\/labestiapolitica.com.mx\/index.php?rest_route=\/wp\/v2\/posts\/84241\/revisions"}],"predecessor-version":[{"id":84243,"href":"https:\/\/labestiapolitica.com.mx\/index.php?rest_route=\/wp\/v2\/posts\/84241\/revisions\/84243"}],"wp:featuredmedia":[{"embeddable":true,"href":"https:\/\/labestiapolitica.com.mx\/index.php?rest_route=\/wp\/v2\/media\/84242"}],"wp:attachment":[{"href":"https:\/\/labestiapolitica.com.mx\/index.php?rest_route=%2Fwp%2Fv2%2Fmedia&parent=84241"}],"wp:term":[{"taxonomy":"category","embeddable":true,"href":"https:\/\/labestiapolitica.com.mx\/index.php?rest_route=%2Fwp%2Fv2%2Fcategories&post=84241"},{"taxonomy":"post_tag","embeddable":true,"href":"https:\/\/labestiapolitica.com.mx\/index.php?rest_route=%2Fwp%2Fv2%2Ftags&post=84241"}],"curies":[{"name":"wp","href":"https:\/\/api.w.org\/{rel}","templated":true}]}}