{"id":84246,"date":"2026-09-01T14:00:11","date_gmt":"2026-09-01T20:00:11","guid":{"rendered":"https:\/\/labestiapolitica.com.mx\/?p=84246"},"modified":"2026-09-01T16:07:33","modified_gmt":"2026-09-01T22:07:33","slug":"laura-flores-pone-freno-a-la-fiebre-electoral-en-el-congreso-todavia-es-tiempo-de-legislar","status":"publish","type":"post","link":"https:\/\/labestiapolitica.com.mx\/?p=84246","title":{"rendered":"Laura Flores pone freno a la fiebre electoral en el Congreso: \u201cTodav\u00eda es tiempo de legislar\u201d"},"content":{"rendered":"<p style=\"text-align: justify;\">Mariana LOVERA\/\/ En el arranque del \u00faltimo a\u00f1o de la LXV Legislatura, la diputada Laura Yamili Flores Lozano lanz\u00f3 un mensaje directo a sus compa\u00f1eros de Congreso: que las aspiraciones electorales rumbo a 2027 no desplacen la responsabilidad de legislar.<\/p>\n<p>&nbsp;<\/p>\n<p style=\"text-align: justify;\">Durante la primera sesi\u00f3n ordinaria del nuevo periodo, la representante del PRD sostuvo que los meses que restan a la actual Legislatura deben estar marcados por resultados y no por una suerte de \u201cdespedida anticipada\u201d de quienes pudieran tener inter\u00e9s en participar en el pr\u00f3ximo proceso electoral.<\/p>\n<p>&nbsp;<\/p>\n<p style=\"text-align: justify;\">Flores Lozano aprovech\u00f3 la tribuna para reivindicar tambi\u00e9n su papel como oposici\u00f3n. Afirm\u00f3 que su posici\u00f3n no se ha limitado a cuestionar al grupo mayoritario, pues \u2014dijo\u2014 ha acompa\u00f1ado las propuestas que considera ben\u00e9ficas para Tlaxcala, al mismo tiempo que ha se\u00f1alado aquellas con las que no coincide.<\/p>\n<p>&nbsp;<\/p>\n<p style=\"text-align: justify;\">La legisladora pidi\u00f3 adem\u00e1s acelerar el trabajo de las comisiones, particularmente en aquellas iniciativas que permanecen sin dictaminaci\u00f3n, al considerar que detr\u00e1s de cada propuesta existen demandas ciudadanas que requieren una respuesta del Poder Legislativo.<\/p>\n<p>&nbsp;<\/p>\n<p style=\"text-align: justify;\">El llamado ocurre en un momento en el que el escenario pol\u00edtico de Tlaxcala comienza a calentarse de cara a 2027 y el proceso electoral empieza a ocupar mayor espacio en la discusi\u00f3n p\u00fablica.<\/p>\n<p>&nbsp;<\/p>\n<p style=\"text-align: justify;\">Ante ello, Flores Lozano pidi\u00f3 a las y los diputados no perder de vista que todav\u00eda tienen responsabilidades pendientes y que el Congreso no puede detener su actividad por el ambiente electoral.<\/p>\n<p>&nbsp;<\/p>\n<p style=\"text-align: justify;\">\u201cHoy todav\u00eda es tiempo de legislar\u201d, fue el mensaje con el que la perredista cerr\u00f3 su posicionamiento.<\/p>\n<p>&nbsp;<\/p>\n<p style=\"text-align: justify;\">Adem\u00e1s, adelant\u00f3 que durante este periodo buscar\u00e1 impulsar temas relacionados con derechos humanos, autonom\u00eda municipal y defensa del patrimonio de Tlaxcala, mientras insisti\u00f3 en que las propuestas que siguen pendientes deben ser discutidas y, en su caso, aprobadas.<\/p>\n<p>&nbsp;<\/p>\n<p style=\"text-align: justify;\">El posicionamiento de Flores Lozano mantiene as\u00ed la l\u00ednea cr\u00edtica que ha sostenido desde la oposici\u00f3n. Apenas la semana pasada cuestion\u00f3 que la reforma electoral aprobada por el Congreso se quedara corta frente a temas como la revocaci\u00f3n de mandato, la prevenci\u00f3n de actos anticipados de campa\u00f1a, el uso pol\u00edtico de recursos p\u00fablicos y la necesidad de fortalecer las condiciones de equidad en las elecciones.<\/p>\n<p>&nbsp;<\/p>\n<p style=\"text-align: justify;\">Con el reloj pol\u00edtico rumbo a 2027 cada vez m\u00e1s presente, la diputada plantea que antes de pensar en candidaturas, alianzas o proyectos electorales, la LXV Legislatura debe responder por los asuntos que todav\u00eda tiene sobre la mesa.<\/p>\n","protected":false},"excerpt":{"rendered":"<p>Mariana LOVERA\/\/ En el arranque del \u00faltimo a\u00f1o de la LXV Legislatura, la diputada Laura Yamili Flores Lozano lanz\u00f3 un mensaje directo a sus compa\u00f1eros de Congreso: que las aspiraciones electorales rumbo a 2027 no desplacen la responsabilidad de legislar. &nbsp; Durante la primera sesi\u00f3n ordinaria del nuevo periodo, la representante del PRD sostuvo que [&hellip;]<\/p>\n","protected":false},"author":6,"featured_media":84247,"comment_status":"open","ping_status":"open","sticky":false,"template":"","format":"standard","meta":{"footnotes":""},"categories":[3,224,247],"tags":[],"class_list":["post-84246","post","type-post","status-publish","format-standard","has-post-thumbnail","hentry","category-8-columnas","category-congreso-del-estado-de-tlaxcala","category-politica"],"amp_enabled":true,"_links":{"self":[{"href":"https:\/\/labestiapolitica.com.mx\/index.php?rest_route=\/wp\/v2\/posts\/84246","targetHints":{"allow":["GET"]}}],"collection":[{"href":"https:\/\/labestiapolitica.com.mx\/index.php?rest_route=\/wp\/v2\/posts"}],"about":[{"href":"https:\/\/labestiapolitica.com.mx\/index.php?rest_route=\/wp\/v2\/types\/post"}],"author":[{"embeddable":true,"href":"https:\/\/labestiapolitica.com.mx\/index.php?rest_route=\/wp\/v2\/users\/6"}],"replies":[{"embeddable":true,"href":"https:\/\/labestiapolitica.com.mx\/index.php?rest_route=%2Fwp%2Fv2%2Fcomments&post=84246"}],"version-history":[{"count":1,"href":"https:\/\/labestiapolitica.com.mx\/index.php?rest_route=\/wp\/v2\/posts\/84246\/revisions"}],"predecessor-version":[{"id":84248,"href":"https:\/\/labestiapolitica.com.mx\/index.php?rest_route=\/wp\/v2\/posts\/84246\/revisions\/84248"}],"wp:featuredmedia":[{"embeddable":true,"href":"https:\/\/labestiapolitica.com.mx\/index.php?rest_route=\/wp\/v2\/media\/84247"}],"wp:attachment":[{"href":"https:\/\/labestiapolitica.com.mx\/index.php?rest_route=%2Fwp%2Fv2%2Fmedia&parent=84246"}],"wp:term":[{"taxonomy":"category","embeddable":true,"href":"https:\/\/labestiapolitica.com.mx\/index.php?rest_route=%2Fwp%2Fv2%2Fcategories&post=84246"},{"taxonomy":"post_tag","embeddable":true,"href":"https:\/\/labestiapolitica.com.mx\/index.php?rest_route=%2Fwp%2Fv2%2Ftags&post=84246"}],"curies":[{"name":"wp","href":"https:\/\/api.w.org\/{rel}","templated":true}]}}