{"id":84249,"date":"2026-09-01T14:30:12","date_gmt":"2026-09-01T20:30:12","guid":{"rendered":"https:\/\/labestiapolitica.com.mx\/?p=84249"},"modified":"2026-09-01T16:09:45","modified_gmt":"2026-09-01T22:09:45","slug":"tlaxcala-avala-reforma-judicial-eleccion-de-juzgadores-se-aplaza-hasta-2028","status":"publish","type":"post","link":"https:\/\/labestiapolitica.com.mx\/?p=84249","title":{"rendered":"Tlaxcala avala reforma judicial: elecci\u00f3n de juzgadores se aplaza hasta 2028"},"content":{"rendered":"<p style=\"text-align: justify;\">Mariana LOVERA\/\/ El Congreso del Estado declar\u00f3 aprobado el Decreto n\u00famero 287, mediante el cual se reforman y adicionan diversas disposiciones de la Constituci\u00f3n Pol\u00edtica de Tlaxcala en materia del Poder Judicial, despu\u00e9s de que se alcanzara el respaldo constitucional de los ayuntamientos.<\/p>\n<p style=\"text-align: justify;\">De acuerdo con el documento aprobado este 1 de septiembre, 32 de los 60 municipios remitieron sus actas de Cabildo respaldando el proyecto, con lo que se alcanz\u00f3 la mayor\u00eda necesaria para continuar con el proceso constitucional. El decreto hab\u00eda sido aprobado previamente por la LXV Legislatura el pasado 14 de agosto de 2026.<\/p>\n<p style=\"text-align: justify;\">Uno de los cambios centrales de la reforma es que la segunda etapa de la elecci\u00f3n de integrantes del Poder Judicial de Tlaxcala, originalmente prevista para 2027, ser\u00e1 trasladada a 2028, para hacerla coincidir con la elecci\u00f3n judicial federal. En ese proceso deber\u00e1n renovarse los cargos que no fueron sometidos a elecci\u00f3n en 2025, adem\u00e1s de las vacantes que se generen.<\/p>\n<p style=\"text-align: justify;\">La modificaci\u00f3n busca evitar que en 2027 coincidan en Tlaxcala las elecciones para renovar los poderes Ejecutivo y Legislativo con una nueva elecci\u00f3n judicial, escenario que, de acuerdo con la exposici\u00f3n de motivos presentada en el Congreso, podr\u00eda representar dificultades operativas para el Instituto Tlaxcalteca de Elecciones y una mayor complejidad para la ciudadan\u00eda debido al n\u00famero de candidaturas involucradas.<\/p>\n<p style=\"text-align: justify;\">La reforma establece adem\u00e1s que las juezas, jueces y magistraturas cuyos encargos concluyan en 2027 permanecer\u00e1n en funciones hasta que rindan protesta las personas que resulten electas en 2028. La jornada para elegir los nuevos cargos judiciales est\u00e1 prevista para el primer domingo de junio de 2028.<\/p>\n<p style=\"text-align: justify;\">Tambi\u00e9n se fijan nuevas reglas para organizar el proceso. El \u00d3rgano de Administraci\u00f3n Judicial deber\u00e1 informar al Congreso, a m\u00e1s tardar el 15 de abril del a\u00f1o previo a la elecci\u00f3n, qu\u00e9 cargos deber\u00e1n renovarse; posteriormente, el Poder Legislativo tendr\u00e1 hasta el 30 de abril para publicar la convocatoria correspondiente.<\/p>\n<p style=\"text-align: justify;\">Dicha convocatoria deber\u00e1 establecer etapas, plazos, cargos disponibles, criterios de evaluaci\u00f3n, mecanismos de insaculaci\u00f3n y disposiciones para garantizar la paridad de g\u00e9nero. La reforma tambi\u00e9n regula la integraci\u00f3n y atribuciones de la Comisi\u00f3n Coordinadora de los Comit\u00e9s de Evaluaci\u00f3n, encargados de participar en la revisi\u00f3n y selecci\u00f3n de aspirantes.<\/p>\n<p style=\"text-align: justify;\">Entre otros puntos, las modificaciones fortalecen la paridad en la postulaci\u00f3n y asignaci\u00f3n de cargos judiciales; precisan caracter\u00edsticas de las boletas, reglas para la jornada electoral, escrutinio y c\u00f3mputo; e incorporan disposiciones sobre capacitaci\u00f3n y actualizaci\u00f3n permanente de las personas juzgadoras. Adem\u00e1s, quienes ya ocupen un cargo judicial y busquen competir por otro puesto de elecci\u00f3n deber\u00e1n presentar una renuncia expresa e irrevocable.<\/p>\n<p style=\"text-align: justify;\">El Congreso local se\u00f1al\u00f3 que los ajustes retoman la experiencia de la primera elecci\u00f3n judicial realizada en Tlaxcala y buscan armonizar la legislaci\u00f3n estatal con las modificaciones constitucionales federales en la materia.<\/p>\n<p style=\"text-align: justify;\">Tras declararse aprobado el Decreto 287, la Mesa Directiva instruy\u00f3 remitirlo a la titular del Poder Ejecutivo estatal para su sanci\u00f3n y posterior publicaci\u00f3n en el Peri\u00f3dico Oficial del Gobierno del Estado de Tlaxcala, con lo que continuar\u00e1 el procedimiento para su entrada en vigor.<\/p>\n<p style=\"text-align: justify;\">La declaratoria fue realizada por la Mesa Directiva encabezada por el diputado Emilio de la Pe\u00f1a Aponte, presidente del Congreso local.<\/p>\n","protected":false},"excerpt":{"rendered":"<p>Mariana LOVERA\/\/ El Congreso del Estado declar\u00f3 aprobado el Decreto n\u00famero 287, mediante el cual se reforman y adicionan diversas disposiciones de la Constituci\u00f3n Pol\u00edtica de Tlaxcala en materia del Poder Judicial, despu\u00e9s de que se alcanzara el respaldo constitucional de los ayuntamientos. De acuerdo con el documento aprobado este 1 de septiembre, 32 de [&hellip;]<\/p>\n","protected":false},"author":6,"featured_media":84250,"comment_status":"open","ping_status":"open","sticky":false,"template":"","format":"standard","meta":{"footnotes":""},"categories":[3,224,247],"tags":[],"class_list":["post-84249","post","type-post","status-publish","format-standard","has-post-thumbnail","hentry","category-8-columnas","category-congreso-del-estado-de-tlaxcala","category-politica"],"amp_enabled":true,"_links":{"self":[{"href":"https:\/\/labestiapolitica.com.mx\/index.php?rest_route=\/wp\/v2\/posts\/84249","targetHints":{"allow":["GET"]}}],"collection":[{"href":"https:\/\/labestiapolitica.com.mx\/index.php?rest_route=\/wp\/v2\/posts"}],"about":[{"href":"https:\/\/labestiapolitica.com.mx\/index.php?rest_route=\/wp\/v2\/types\/post"}],"author":[{"embeddable":true,"href":"https:\/\/labestiapolitica.com.mx\/index.php?rest_route=\/wp\/v2\/users\/6"}],"replies":[{"embeddable":true,"href":"https:\/\/labestiapolitica.com.mx\/index.php?rest_route=%2Fwp%2Fv2%2Fcomments&post=84249"}],"version-history":[{"count":1,"href":"https:\/\/labestiapolitica.com.mx\/index.php?rest_route=\/wp\/v2\/posts\/84249\/revisions"}],"predecessor-version":[{"id":84251,"href":"https:\/\/labestiapolitica.com.mx\/index.php?rest_route=\/wp\/v2\/posts\/84249\/revisions\/84251"}],"wp:featuredmedia":[{"embeddable":true,"href":"https:\/\/labestiapolitica.com.mx\/index.php?rest_route=\/wp\/v2\/media\/84250"}],"wp:attachment":[{"href":"https:\/\/labestiapolitica.com.mx\/index.php?rest_route=%2Fwp%2Fv2%2Fmedia&parent=84249"}],"wp:term":[{"taxonomy":"category","embeddable":true,"href":"https:\/\/labestiapolitica.com.mx\/index.php?rest_route=%2Fwp%2Fv2%2Fcategories&post=84249"},{"taxonomy":"post_tag","embeddable":true,"href":"https:\/\/labestiapolitica.com.mx\/index.php?rest_route=%2Fwp%2Fv2%2Ftags&post=84249"}],"curies":[{"name":"wp","href":"https:\/\/api.w.org\/{rel}","templated":true}]}}