{"id":84255,"date":"2026-09-01T16:48:38","date_gmt":"2026-09-01T22:48:38","guid":{"rendered":"https:\/\/labestiapolitica.com.mx\/?p=84255"},"modified":"2026-09-01T16:48:38","modified_gmt":"2026-09-01T22:48:38","slug":"huamantla-da-inicio-a-las-actividades-patrias-por-el-216-aniversario-de-la-independencia-de-mexico","status":"publish","type":"post","link":"https:\/\/labestiapolitica.com.mx\/?p=84255","title":{"rendered":"Huamantla da inicio a las actividades patrias por el 216 aniversario de la Independencia de M\u00e9xico."},"content":{"rendered":"<p style=\"text-align: justify;\">Con honores a la Bandera, la lectura y colocaci\u00f3n del Bando Solemne, el Gobierno Municipal de Huamantla dio inicio formal a las actividades conmemorativas del mes patrio, con motivo del 216 aniversario del inicio de la Independencia de M\u00e9xico.<\/p>\n<p style=\"text-align: justify;\">Durante el acto c\u00edvico, en el que participaron alumnos de la Escuela Secundaria Federal \u201cMois\u00e9s S\u00e1enz\u201d, se rindieron honores a nuestro L\u00e1baro Patrio y se realiz\u00f3 la lectura del Bando Solemne, para posteriormente llevar a cabo su colocaci\u00f3n oficial, con lo que quedaron anunciadas las actividades que se desarrollar\u00e1n durante septiembre.<\/p>\n<p style=\"text-align: justify;\">En su mensaje, el presidente municipal, Salvador Santos Cedillo, llam\u00f3 a las familias huamantlecas a vivir este mes con unidad, respeto y alegr\u00eda, al tiempo que destac\u00f3 la importancia de recuperar y fortalecer los valores que, con el paso del tiempo, se han ido perdiendo.<\/p>\n<p style=\"text-align: justify;\">Se\u00f1al\u00f3 que septiembre representa una oportunidad para recordar nuestra historia, honrar a quienes hicieron posible una naci\u00f3n libre y fortalecer el orgullo por nuestras ra\u00edces, as\u00ed como para reconocer la riqueza hist\u00f3rica, cultural y tradicional que distingue a Huamantla.<\/p>\n<p style=\"text-align: justify;\">Asimismo, resalt\u00f3 la importancia de transmitir las tradiciones a las nuevas generaciones, particularmente a ni\u00f1as, ni\u00f1os y j\u00f3venes, para que conozcan y valoren la historia que forma parte de la identidad de M\u00e9xico, Tlaxcala y, especialmente, de Huamantla.<\/p>\n<p style=\"text-align: justify;\">El acto cont\u00f3 con la presencia de presidentes de comunidad, integrantes del Cabildo, as\u00ed como directoras y directores, coordinadoras y coordinadores y jefas y jefes de \u00e1rea de la administraci\u00f3n municipal.<\/p>\n<p style=\"text-align: justify;\">Con la colocaci\u00f3n del Bando Solemne, Huamantla da la bienvenida a las Fiestas Patrias 2026 e invita a todas y todos a participar en las actividades programadas durante septiembre, celebrando con orgullo nuestra historia, nuestras tradiciones y el profundo amor por M\u00e9xico.<\/p>\n<p>&nbsp;<\/p>\n<p><img loading=\"lazy\" decoding=\"async\" class=\"aligncenter wp-image-79046 size-large\" src=\"https:\/\/labestiapolitica.com.mx\/wp-content\/uploads\/2026\/07\/AJ-uni-819x1024.jpeg\" alt=\"\" width=\"640\" height=\"800\" srcset=\"https:\/\/labestiapolitica.com.mx\/wp-content\/uploads\/2026\/07\/AJ-uni-819x1024.jpeg 819w, https:\/\/labestiapolitica.com.mx\/wp-content\/uploads\/2026\/07\/AJ-uni-240x300.jpeg 240w, https:\/\/labestiapolitica.com.mx\/wp-content\/uploads\/2026\/07\/AJ-uni-768x960.jpeg 768w, https:\/\/labestiapolitica.com.mx\/wp-content\/uploads\/2026\/07\/AJ-uni.jpeg 1080w\" sizes=\"auto, (max-width: 640px) 100vw, 640px\" \/><\/p>\n","protected":false},"excerpt":{"rendered":"<p>Con honores a la Bandera, la lectura y colocaci\u00f3n del Bando Solemne, el Gobierno Municipal de Huamantla dio inicio formal a las actividades conmemorativas del mes patrio, con motivo del 216 aniversario del inicio de la Independencia de M\u00e9xico. Durante el acto c\u00edvico, en el que participaron alumnos de la Escuela Secundaria Federal \u201cMois\u00e9s S\u00e1enz\u201d, [&hellip;]<\/p>\n","protected":false},"author":5,"featured_media":84256,"comment_status":"open","ping_status":"open","sticky":false,"template":"","format":"standard","meta":{"footnotes":""},"categories":[220,216],"tags":[],"class_list":["post-84255","post","type-post","status-publish","format-standard","has-post-thumbnail","hentry","category-huamantla","category-municipios"],"amp_enabled":true,"_links":{"self":[{"href":"https:\/\/labestiapolitica.com.mx\/index.php?rest_route=\/wp\/v2\/posts\/84255","targetHints":{"allow":["GET"]}}],"collection":[{"href":"https:\/\/labestiapolitica.com.mx\/index.php?rest_route=\/wp\/v2\/posts"}],"about":[{"href":"https:\/\/labestiapolitica.com.mx\/index.php?rest_route=\/wp\/v2\/types\/post"}],"author":[{"embeddable":true,"href":"https:\/\/labestiapolitica.com.mx\/index.php?rest_route=\/wp\/v2\/users\/5"}],"replies":[{"embeddable":true,"href":"https:\/\/labestiapolitica.com.mx\/index.php?rest_route=%2Fwp%2Fv2%2Fcomments&post=84255"}],"version-history":[{"count":1,"href":"https:\/\/labestiapolitica.com.mx\/index.php?rest_route=\/wp\/v2\/posts\/84255\/revisions"}],"predecessor-version":[{"id":84257,"href":"https:\/\/labestiapolitica.com.mx\/index.php?rest_route=\/wp\/v2\/posts\/84255\/revisions\/84257"}],"wp:featuredmedia":[{"embeddable":true,"href":"https:\/\/labestiapolitica.com.mx\/index.php?rest_route=\/wp\/v2\/media\/84256"}],"wp:attachment":[{"href":"https:\/\/labestiapolitica.com.mx\/index.php?rest_route=%2Fwp%2Fv2%2Fmedia&parent=84255"}],"wp:term":[{"taxonomy":"category","embeddable":true,"href":"https:\/\/labestiapolitica.com.mx\/index.php?rest_route=%2Fwp%2Fv2%2Fcategories&post=84255"},{"taxonomy":"post_tag","embeddable":true,"href":"https:\/\/labestiapolitica.com.mx\/index.php?rest_route=%2Fwp%2Fv2%2Ftags&post=84255"}],"curies":[{"name":"wp","href":"https:\/\/api.w.org\/{rel}","templated":true}]}}