{"id":84258,"date":"2026-09-01T16:52:57","date_gmt":"2026-09-01T22:52:57","guid":{"rendered":"https:\/\/labestiapolitica.com.mx\/?p=84258"},"modified":"2026-09-01T16:52:57","modified_gmt":"2026-09-01T22:52:57","slug":"encabeza-javier-rivera-bonilla-izamiento-de-labaro-patrio-y-colocacion-de-bandos-solemnes-en-apizaco","status":"publish","type":"post","link":"https:\/\/labestiapolitica.com.mx\/?p=84258","title":{"rendered":"Encabeza Javier Rivera Bonilla izamiento de l\u00e1baro patrio y colocaci\u00f3n de bandos solemnes en Apizaco."},"content":{"rendered":"<p style=\"text-align: justify;\">El Presidente Municipal de Apizaco, Javier Rivera Bonilla, encabez\u00f3 los actos c\u00edvicos correspondientes al izamiento del L\u00e1baro Patrio y la posterior colocaci\u00f3n de los Bandos Solemnes de Fiestas Patrias, marcando el inicio formal de las celebraciones del mes de septiembre en la demarcaci\u00f3n.<\/p>\n<p style=\"text-align: justify;\">\u200bDurante la ceremonia c\u00edvica, la autoridad municipal encabez\u00f3 los honores a la Bandera Nacional, reafirmando el compromiso del Gobierno Municipal con el fortalecimiento de los valores patrios, la identidad hist\u00f3rica y la unidad entre las y los apizaquenses.<\/p>\n<p style=\"text-align: justify;\">\u200bPosteriormente, el edil Javier Rivera Bonilla, en compa\u00f1\u00eda de su esposa Anabel Monter R\u00edos, Presidenta Honor\u00edfica del Sistema Municipal para el Desarrollo Integral de la Familia (DIF), y de las y los integrantes del Honorable Cabildo, as\u00ed como de.los representantes de cada instancia, procedi\u00f3 a la colocaci\u00f3n de los Bandos Solemnes en las sedes oficiales.<\/p>\n<p style=\"text-align: justify;\">\u200bDe igual manera, la fijaci\u00f3n de los Bandos Solemnes se replic\u00f3 en los estrados de cada dependencia e instituci\u00f3n participante, acto realizado por los representantes de las instancias correspondientes para garantizar su difusi\u00f3n en todo el municipio.<\/p>\n<p style=\"text-align: justify;\">\u200bDichos documentos consignan el programa de actividades c\u00edvicas, culturales y solemnes que se desarrollar\u00e1n durante el mes patrio en Apizaco, con el objetivo de promover la participaci\u00f3n ciudadana en un ambiente seguro y familiar.<\/p>\n<p>&nbsp;<\/p>\n<p><img loading=\"lazy\" decoding=\"async\" class=\"aligncenter wp-image-79046 size-large\" src=\"https:\/\/labestiapolitica.com.mx\/wp-content\/uploads\/2026\/07\/AJ-uni-819x1024.jpeg\" alt=\"\" width=\"640\" height=\"800\" srcset=\"https:\/\/labestiapolitica.com.mx\/wp-content\/uploads\/2026\/07\/AJ-uni-819x1024.jpeg 819w, https:\/\/labestiapolitica.com.mx\/wp-content\/uploads\/2026\/07\/AJ-uni-240x300.jpeg 240w, https:\/\/labestiapolitica.com.mx\/wp-content\/uploads\/2026\/07\/AJ-uni-768x960.jpeg 768w, https:\/\/labestiapolitica.com.mx\/wp-content\/uploads\/2026\/07\/AJ-uni.jpeg 1080w\" sizes=\"auto, (max-width: 640px) 100vw, 640px\" \/><\/p>\n","protected":false},"excerpt":{"rendered":"<p>El Presidente Municipal de Apizaco, Javier Rivera Bonilla, encabez\u00f3 los actos c\u00edvicos correspondientes al izamiento del L\u00e1baro Patrio y la posterior colocaci\u00f3n de los Bandos Solemnes de Fiestas Patrias, marcando el inicio formal de las celebraciones del mes de septiembre en la demarcaci\u00f3n. \u200bDurante la ceremonia c\u00edvica, la autoridad municipal encabez\u00f3 los honores a la [&hellip;]<\/p>\n","protected":false},"author":5,"featured_media":84259,"comment_status":"open","ping_status":"open","sticky":false,"template":"","format":"standard","meta":{"footnotes":""},"categories":[226,216],"tags":[],"class_list":["post-84258","post","type-post","status-publish","format-standard","has-post-thumbnail","hentry","category-apizaco","category-municipios"],"amp_enabled":true,"_links":{"self":[{"href":"https:\/\/labestiapolitica.com.mx\/index.php?rest_route=\/wp\/v2\/posts\/84258","targetHints":{"allow":["GET"]}}],"collection":[{"href":"https:\/\/labestiapolitica.com.mx\/index.php?rest_route=\/wp\/v2\/posts"}],"about":[{"href":"https:\/\/labestiapolitica.com.mx\/index.php?rest_route=\/wp\/v2\/types\/post"}],"author":[{"embeddable":true,"href":"https:\/\/labestiapolitica.com.mx\/index.php?rest_route=\/wp\/v2\/users\/5"}],"replies":[{"embeddable":true,"href":"https:\/\/labestiapolitica.com.mx\/index.php?rest_route=%2Fwp%2Fv2%2Fcomments&post=84258"}],"version-history":[{"count":1,"href":"https:\/\/labestiapolitica.com.mx\/index.php?rest_route=\/wp\/v2\/posts\/84258\/revisions"}],"predecessor-version":[{"id":84260,"href":"https:\/\/labestiapolitica.com.mx\/index.php?rest_route=\/wp\/v2\/posts\/84258\/revisions\/84260"}],"wp:featuredmedia":[{"embeddable":true,"href":"https:\/\/labestiapolitica.com.mx\/index.php?rest_route=\/wp\/v2\/media\/84259"}],"wp:attachment":[{"href":"https:\/\/labestiapolitica.com.mx\/index.php?rest_route=%2Fwp%2Fv2%2Fmedia&parent=84258"}],"wp:term":[{"taxonomy":"category","embeddable":true,"href":"https:\/\/labestiapolitica.com.mx\/index.php?rest_route=%2Fwp%2Fv2%2Fcategories&post=84258"},{"taxonomy":"post_tag","embeddable":true,"href":"https:\/\/labestiapolitica.com.mx\/index.php?rest_route=%2Fwp%2Fv2%2Ftags&post=84258"}],"curies":[{"name":"wp","href":"https:\/\/api.w.org\/{rel}","templated":true}]}}