{"id":84261,"date":"2026-09-01T17:01:25","date_gmt":"2026-09-01T23:01:25","guid":{"rendered":"https:\/\/labestiapolitica.com.mx\/?p=84261"},"modified":"2026-09-01T17:01:25","modified_gmt":"2026-09-01T23:01:25","slug":"celebra-el-ayuntamiento-y-el-smdif-de-apizaco-a-400-adultos-mayores-en-su-dia","status":"publish","type":"post","link":"https:\/\/labestiapolitica.com.mx\/?p=84261","title":{"rendered":"Celebra el Ayuntamiento y el SMDIF de Apizaco a 400 adultos mayores en su d\u00eda."},"content":{"rendered":"<ul>\n<li style=\"text-align: justify;\">\u200bDurante el festejo se entregaron apoyos directos y una comida especial en su reconocimiento.<\/li>\n<\/ul>\n<p style=\"text-align: justify;\">Con el objetivo de honrar la experiencia, sabidur\u00eda y contribuci\u00f3n social de las personas de la tercera edad, el H. Ayuntamiento de Apizaco, a trav\u00e9s del Sistema Municipal para el Desarrollo Integral de la Familia (SMDIF), festej\u00f3 a 400 adultos mayores de las diversas comunidades del municipio en el marco del D\u00eda de las y los Abuelos.<\/p>\n<p style=\"text-align: justify;\">\u200bEl evento estuvo encabezado por el Presidente Municipal, Javier Rivera Bonilla, la Presidenta Honor\u00edfica del SMDIF Apizaco, Anabel Monter R\u00edos, acompa\u00f1ada por la Directora del organismo, Reyna Geraldine Fern\u00e1ndez Su\u00e1rez, quienes convivieron con las y los abuelitos en una jornada marcada por la alegr\u00eda, la cercan\u00eda y el reconocimiento a su papel central en las familias apizaquenses.<\/p>\n<p style=\"text-align: justify;\">\u200bDurante la celebraci\u00f3n, la instituci\u00f3n ofreci\u00f3 una comida especial a las y los festejados, adem\u00e1s de realizar la entrega directa de despensas, pelotas y mochilas a las infancias como muestra de gratitud y respaldo a su bienestar.<\/p>\n<p style=\"text-align: justify;\">\u200bEn el desarrollo del encuentro, las autoridades del SMDIF destacaron que estas acciones se alinean con los principios del Humanismo Mexicano que rigen al Gobierno Municipal de Apizaco, los cuales priorizan la atenci\u00f3n digna a los sectores m\u00e1s vulnerables y reconocen la aportaci\u00f3n hist\u00f3rica de los adultos mayores al municipio.<\/p>\n<p style=\"text-align: justify;\">\u200bLa jornada concluy\u00f3 en un ambiente festivo y de convivencia comunitaria, reafirmando el compromiso institucional de continuar generando programas y espacios dedicados al cuidado integral de los adultos mayores en Apizaco.<\/p>\n<p>&nbsp;<\/p>\n<p><img loading=\"lazy\" decoding=\"async\" class=\"aligncenter wp-image-79046 size-large\" src=\"https:\/\/labestiapolitica.com.mx\/wp-content\/uploads\/2026\/07\/AJ-uni-819x1024.jpeg\" alt=\"\" width=\"640\" height=\"800\" srcset=\"https:\/\/labestiapolitica.com.mx\/wp-content\/uploads\/2026\/07\/AJ-uni-819x1024.jpeg 819w, https:\/\/labestiapolitica.com.mx\/wp-content\/uploads\/2026\/07\/AJ-uni-240x300.jpeg 240w, https:\/\/labestiapolitica.com.mx\/wp-content\/uploads\/2026\/07\/AJ-uni-768x960.jpeg 768w, https:\/\/labestiapolitica.com.mx\/wp-content\/uploads\/2026\/07\/AJ-uni.jpeg 1080w\" sizes=\"auto, (max-width: 640px) 100vw, 640px\" \/><\/p>\n","protected":false},"excerpt":{"rendered":"<p>\u200bDurante el festejo se entregaron apoyos directos y una comida especial en su reconocimiento. Con el objetivo de honrar la experiencia, sabidur\u00eda y contribuci\u00f3n social de las personas de la tercera edad, el H. Ayuntamiento de Apizaco, a trav\u00e9s del Sistema Municipal para el Desarrollo Integral de la Familia (SMDIF), festej\u00f3 a 400 adultos mayores [&hellip;]<\/p>\n","protected":false},"author":5,"featured_media":84262,"comment_status":"open","ping_status":"open","sticky":false,"template":"","format":"standard","meta":{"footnotes":""},"categories":[226,216],"tags":[],"class_list":["post-84261","post","type-post","status-publish","format-standard","has-post-thumbnail","hentry","category-apizaco","category-municipios"],"amp_enabled":true,"_links":{"self":[{"href":"https:\/\/labestiapolitica.com.mx\/index.php?rest_route=\/wp\/v2\/posts\/84261","targetHints":{"allow":["GET"]}}],"collection":[{"href":"https:\/\/labestiapolitica.com.mx\/index.php?rest_route=\/wp\/v2\/posts"}],"about":[{"href":"https:\/\/labestiapolitica.com.mx\/index.php?rest_route=\/wp\/v2\/types\/post"}],"author":[{"embeddable":true,"href":"https:\/\/labestiapolitica.com.mx\/index.php?rest_route=\/wp\/v2\/users\/5"}],"replies":[{"embeddable":true,"href":"https:\/\/labestiapolitica.com.mx\/index.php?rest_route=%2Fwp%2Fv2%2Fcomments&post=84261"}],"version-history":[{"count":1,"href":"https:\/\/labestiapolitica.com.mx\/index.php?rest_route=\/wp\/v2\/posts\/84261\/revisions"}],"predecessor-version":[{"id":84263,"href":"https:\/\/labestiapolitica.com.mx\/index.php?rest_route=\/wp\/v2\/posts\/84261\/revisions\/84263"}],"wp:featuredmedia":[{"embeddable":true,"href":"https:\/\/labestiapolitica.com.mx\/index.php?rest_route=\/wp\/v2\/media\/84262"}],"wp:attachment":[{"href":"https:\/\/labestiapolitica.com.mx\/index.php?rest_route=%2Fwp%2Fv2%2Fmedia&parent=84261"}],"wp:term":[{"taxonomy":"category","embeddable":true,"href":"https:\/\/labestiapolitica.com.mx\/index.php?rest_route=%2Fwp%2Fv2%2Fcategories&post=84261"},{"taxonomy":"post_tag","embeddable":true,"href":"https:\/\/labestiapolitica.com.mx\/index.php?rest_route=%2Fwp%2Fv2%2Ftags&post=84261"}],"curies":[{"name":"wp","href":"https:\/\/api.w.org\/{rel}","templated":true}]}}