{"id":84264,"date":"2026-09-01T17:05:26","date_gmt":"2026-09-01T23:05:26","guid":{"rendered":"https:\/\/labestiapolitica.com.mx\/?p=84264"},"modified":"2026-09-01T17:05:26","modified_gmt":"2026-09-01T23:05:26","slug":"presenta-ayuntamiento-de-san-pablo-del-monte-bando-solemne-de-fiestas-patrias","status":"publish","type":"post","link":"https:\/\/labestiapolitica.com.mx\/?p=84264","title":{"rendered":"Presenta Ayuntamiento de San Pablo del Monte Bando Solemne de Fiestas Patrias."},"content":{"rendered":"<ul>\n<li style=\"text-align: justify;\">Presidenta Ana Luc\u00eda Arce Luna hizo entrega del Bando a presidentas y presidentes de comunidad.<\/li>\n<\/ul>\n<p style=\"text-align: justify;\">Como parte del inicio de las actividades del mes patrio, el Ayuntamiento de San Pablo del Monte llev\u00f3 a cabo la ceremonia c\u00edvica para la presentaci\u00f3n y lectura del Bando Solemne de Fiestas Patrias, en el marco del CCXVI aniversario del inicio de la independencia de M\u00e9xico.<\/p>\n<p style=\"text-align: justify;\">En el acto, realizado en la explanada del asta bandera la ma\u00f1ana del 1 de septiembre, la presidenta municipal, Ana Luc\u00eda Arce Luna, resalt\u00f3 la importancia de disfrutar de las actividades en familia y de manera responsable.<\/p>\n<p style=\"text-align: justify;\">Expres\u00f3 la necesidad de reflexionar sobre el significado de estas fechas, recordando el legado de quienes lucharon por la libertad y soberan\u00eda del pa\u00eds, as\u00ed como a mantener vivos los valores de unidad.<\/p>\n<p style=\"text-align: justify;\">Durante la ceremonia se realiz\u00f3 la lectura del Bando, mediante el cual se dieron a conocer las principales fechas y actividades que se llevar\u00e1n a cabo en este mes.<\/p>\n<p style=\"text-align: justify;\">Asimismo, hizo entrega de los bandos solemnes a las y los presidentes de comunidad quienes, a su vez, las colocar\u00e1n en su presidencia para que la poblaci\u00f3n pueda conocer de las diferentes actividades programadas.<\/p>\n<p style=\"text-align: justify;\">Acompa\u00f1ada de integrantes del Cabildo, Arce Luna coloc\u00f3 el Bando Solemne en el exterior de la presidencia como se realiza de manera tradicional.<\/p>\n<p style=\"text-align: justify;\">Con esto, se da inicio formal a la agenda c\u00edvica en el municipio, contribuyendo a fortalecer la identidad y valores patrios.<\/p>\n<p>&nbsp;<\/p>\n<p><img loading=\"lazy\" decoding=\"async\" class=\"aligncenter wp-image-79046 size-large\" src=\"https:\/\/labestiapolitica.com.mx\/wp-content\/uploads\/2026\/07\/AJ-uni-819x1024.jpeg\" alt=\"\" width=\"640\" height=\"800\" srcset=\"https:\/\/labestiapolitica.com.mx\/wp-content\/uploads\/2026\/07\/AJ-uni-819x1024.jpeg 819w, https:\/\/labestiapolitica.com.mx\/wp-content\/uploads\/2026\/07\/AJ-uni-240x300.jpeg 240w, https:\/\/labestiapolitica.com.mx\/wp-content\/uploads\/2026\/07\/AJ-uni-768x960.jpeg 768w, https:\/\/labestiapolitica.com.mx\/wp-content\/uploads\/2026\/07\/AJ-uni.jpeg 1080w\" sizes=\"auto, (max-width: 640px) 100vw, 640px\" \/><\/p>\n","protected":false},"excerpt":{"rendered":"<p>Presidenta Ana Luc\u00eda Arce Luna hizo entrega del Bando a presidentas y presidentes de comunidad. Como parte del inicio de las actividades del mes patrio, el Ayuntamiento de San Pablo del Monte llev\u00f3 a cabo la ceremonia c\u00edvica para la presentaci\u00f3n y lectura del Bando Solemne de Fiestas Patrias, en el marco del CCXVI aniversario [&hellip;]<\/p>\n","protected":false},"author":5,"featured_media":84265,"comment_status":"open","ping_status":"open","sticky":false,"template":"","format":"standard","meta":{"footnotes":""},"categories":[216,223],"tags":[],"class_list":["post-84264","post","type-post","status-publish","format-standard","has-post-thumbnail","hentry","category-municipios","category-san-pablo-del-monte"],"amp_enabled":true,"_links":{"self":[{"href":"https:\/\/labestiapolitica.com.mx\/index.php?rest_route=\/wp\/v2\/posts\/84264","targetHints":{"allow":["GET"]}}],"collection":[{"href":"https:\/\/labestiapolitica.com.mx\/index.php?rest_route=\/wp\/v2\/posts"}],"about":[{"href":"https:\/\/labestiapolitica.com.mx\/index.php?rest_route=\/wp\/v2\/types\/post"}],"author":[{"embeddable":true,"href":"https:\/\/labestiapolitica.com.mx\/index.php?rest_route=\/wp\/v2\/users\/5"}],"replies":[{"embeddable":true,"href":"https:\/\/labestiapolitica.com.mx\/index.php?rest_route=%2Fwp%2Fv2%2Fcomments&post=84264"}],"version-history":[{"count":1,"href":"https:\/\/labestiapolitica.com.mx\/index.php?rest_route=\/wp\/v2\/posts\/84264\/revisions"}],"predecessor-version":[{"id":84266,"href":"https:\/\/labestiapolitica.com.mx\/index.php?rest_route=\/wp\/v2\/posts\/84264\/revisions\/84266"}],"wp:featuredmedia":[{"embeddable":true,"href":"https:\/\/labestiapolitica.com.mx\/index.php?rest_route=\/wp\/v2\/media\/84265"}],"wp:attachment":[{"href":"https:\/\/labestiapolitica.com.mx\/index.php?rest_route=%2Fwp%2Fv2%2Fmedia&parent=84264"}],"wp:term":[{"taxonomy":"category","embeddable":true,"href":"https:\/\/labestiapolitica.com.mx\/index.php?rest_route=%2Fwp%2Fv2%2Fcategories&post=84264"},{"taxonomy":"post_tag","embeddable":true,"href":"https:\/\/labestiapolitica.com.mx\/index.php?rest_route=%2Fwp%2Fv2%2Ftags&post=84264"}],"curies":[{"name":"wp","href":"https:\/\/api.w.org\/{rel}","templated":true}]}}