{"id":84267,"date":"2026-09-01T17:13:26","date_gmt":"2026-09-01T23:13:26","guid":{"rendered":"https:\/\/labestiapolitica.com.mx\/?p=84267"},"modified":"2026-09-01T17:13:26","modified_gmt":"2026-09-01T23:13:26","slug":"convoca-tlaxcala-la-feria-de-ferias-2026-a-la-tercera-edicion-de-la-carrera-de-botargas","status":"publish","type":"post","link":"https:\/\/labestiapolitica.com.mx\/?p=84267","title":{"rendered":"Convoca \u201cTlaxcala, la Feria de Ferias 2026\u201d a la tercera edici\u00f3n de la carrera de botargas."},"content":{"rendered":"<ul>\n<li style=\"text-align: justify;\">El evento se llevar\u00e1 a cabo el pr\u00f3ximo 11 de noviembre a las 17:00 horas.<\/li>\n<\/ul>\n<p style=\"text-align: justify;\">Con el objetivo de fomentar la integraci\u00f3n, la convivencia familiar y fortalecer el ambiente festivo en el estado, el Patronato para las Exposiciones y Ferias en la Ciudad de Tlaxcala invita cordialmente a participar en la Tercera Edici\u00f3n de la Carrera de Botargas \u00abLa Feria de Ferias 2026\u00bb.<\/p>\n<p style=\"text-align: justify;\">La convocatoria est\u00e1 dirigida a representantes de instituciones educativas, primarias, secundarias, preparatorias y universidad, as\u00ed como equipos deportivos, clubes, asociaciones civiles, marcas, empresas y al p\u00fablico en general mayor de 18 a\u00f1os.<\/p>\n<p style=\"text-align: justify;\">La participaci\u00f3n ser\u00e1 \u00fanicamente con botargas institucionales o comerciales. Por temas de reglamento, no se admitir\u00e1n disfraces, caracterizaciones individuales ni personificaciones informales.<\/p>\n<p style=\"text-align: justify;\">El evento se llevar\u00e1 a cabo el pr\u00f3ximo mi\u00e9rcoles 11 de noviembre a las 17:00 horas en el Lienzo Charro del Centro Expositor \u201cAdolfo L\u00f3pez Mateos\u201d, en el que se premiar\u00e1 a las categor\u00edas pesada y semipesadas, el primer lugar de cada categor\u00eda obtendr\u00e1 4 mil pesos en efectivo, el segundo lugar una pantalla Smart TV de 32 pulgadas y para el tercer lugar una bocina inteligente \u00abAlexa\u00bb.<\/p>\n<p style=\"text-align: justify;\">El registro estar\u00e1 abierto del 01 de septiembre al 29 de octubre de 2026, de lunes a viernes en un horario de 10:00 a 15:00 horas.<\/p>\n<p style=\"text-align: justify;\">Para mayores informes e inscripciones, el Patronato pone a disposici\u00f3n el n\u00famero de WhatsApp 246 241 5720, el correo flor.patronato@hotmail.com y la atenci\u00f3n directa en las instalaciones del Patronato de Feria ubicadas en Av. Lago del Ni\u00f1o 1, Adolfo L\u00f3pez Mateos en Tlaxcala.<\/p>\n<p>&nbsp;<\/p>\n<p><img loading=\"lazy\" decoding=\"async\" class=\"aligncenter wp-image-79046 size-large\" src=\"https:\/\/labestiapolitica.com.mx\/wp-content\/uploads\/2026\/07\/AJ-uni-819x1024.jpeg\" alt=\"\" width=\"640\" height=\"800\" srcset=\"https:\/\/labestiapolitica.com.mx\/wp-content\/uploads\/2026\/07\/AJ-uni-819x1024.jpeg 819w, https:\/\/labestiapolitica.com.mx\/wp-content\/uploads\/2026\/07\/AJ-uni-240x300.jpeg 240w, https:\/\/labestiapolitica.com.mx\/wp-content\/uploads\/2026\/07\/AJ-uni-768x960.jpeg 768w, https:\/\/labestiapolitica.com.mx\/wp-content\/uploads\/2026\/07\/AJ-uni.jpeg 1080w\" sizes=\"auto, (max-width: 640px) 100vw, 640px\" \/><\/p>\n","protected":false},"excerpt":{"rendered":"<p>El evento se llevar\u00e1 a cabo el pr\u00f3ximo 11 de noviembre a las 17:00 horas. Con el objetivo de fomentar la integraci\u00f3n, la convivencia familiar y fortalecer el ambiente festivo en el estado, el Patronato para las Exposiciones y Ferias en la Ciudad de Tlaxcala invita cordialmente a participar en la Tercera Edici\u00f3n de la [&hellip;]<\/p>\n","protected":false},"author":5,"featured_media":84268,"comment_status":"open","ping_status":"open","sticky":false,"template":"","format":"standard","meta":{"footnotes":""},"categories":[7,312],"tags":[],"class_list":["post-84267","post","type-post","status-publish","format-standard","has-post-thumbnail","hentry","category-ciudadanos","category-cultura"],"amp_enabled":true,"_links":{"self":[{"href":"https:\/\/labestiapolitica.com.mx\/index.php?rest_route=\/wp\/v2\/posts\/84267","targetHints":{"allow":["GET"]}}],"collection":[{"href":"https:\/\/labestiapolitica.com.mx\/index.php?rest_route=\/wp\/v2\/posts"}],"about":[{"href":"https:\/\/labestiapolitica.com.mx\/index.php?rest_route=\/wp\/v2\/types\/post"}],"author":[{"embeddable":true,"href":"https:\/\/labestiapolitica.com.mx\/index.php?rest_route=\/wp\/v2\/users\/5"}],"replies":[{"embeddable":true,"href":"https:\/\/labestiapolitica.com.mx\/index.php?rest_route=%2Fwp%2Fv2%2Fcomments&post=84267"}],"version-history":[{"count":1,"href":"https:\/\/labestiapolitica.com.mx\/index.php?rest_route=\/wp\/v2\/posts\/84267\/revisions"}],"predecessor-version":[{"id":84269,"href":"https:\/\/labestiapolitica.com.mx\/index.php?rest_route=\/wp\/v2\/posts\/84267\/revisions\/84269"}],"wp:featuredmedia":[{"embeddable":true,"href":"https:\/\/labestiapolitica.com.mx\/index.php?rest_route=\/wp\/v2\/media\/84268"}],"wp:attachment":[{"href":"https:\/\/labestiapolitica.com.mx\/index.php?rest_route=%2Fwp%2Fv2%2Fmedia&parent=84267"}],"wp:term":[{"taxonomy":"category","embeddable":true,"href":"https:\/\/labestiapolitica.com.mx\/index.php?rest_route=%2Fwp%2Fv2%2Fcategories&post=84267"},{"taxonomy":"post_tag","embeddable":true,"href":"https:\/\/labestiapolitica.com.mx\/index.php?rest_route=%2Fwp%2Fv2%2Ftags&post=84267"}],"curies":[{"name":"wp","href":"https:\/\/api.w.org\/{rel}","templated":true}]}}