{"id":84271,"date":"2026-09-01T18:21:02","date_gmt":"2026-09-02T00:21:02","guid":{"rendered":"https:\/\/labestiapolitica.com.mx\/?p=84271"},"modified":"2026-09-01T18:21:02","modified_gmt":"2026-09-02T00:21:02","slug":"pac-acredita-fuerza-territorial-y-cumple-con-la-normatividad-para-conservar-su-registro-en-tlaxcala","status":"publish","type":"post","link":"https:\/\/labestiapolitica.com.mx\/?p=84271","title":{"rendered":"PAC acredita fuerza territorial y cumple con la normatividad para conservar su registro en Tlaxcala."},"content":{"rendered":"<p style=\"text-align: justify;\">Con 6 mil 188 registros v\u00e1lidos y presencia de afiliados en los 60 municipios, el Partido Alianza Ciudadana refrenda su estructura y capacidad pol\u00edtica rumbo al escenario electoral de 2027.<\/p>\n<p style=\"text-align: justify;\">El Partido Alianza Ciudadana (PAC) cumple con la normatividad en materia de afiliaci\u00f3n y con el n\u00famero m\u00ednimo de militantes requerido para conservar su registro, de acuerdo con la verificaci\u00f3n realizada por el Instituto Tlaxcalteca de Elecciones (ITE).<\/p>\n<p style=\"text-align: justify;\">El \u00f3rgano electoral valid\u00f3 6 mil 188 registros de afiliaci\u00f3n, adem\u00e1s de acreditar presencia de militantes en los 60 municipios del estado, resultado que representa un respaldo a la estructura territorial y a la organizaci\u00f3n pol\u00edtica del PAC.<\/p>\n<p style=\"text-align: justify;\">M\u00e1s all\u00e1 de una cifra, el resultado refleja la existencia de una militancia activa y una estructura con presencia en todo Tlaxcala, consolidada a lo largo de dos d\u00e9cadas de participaci\u00f3n pol\u00edtica.<\/p>\n<p style=\"text-align: justify;\">Para el PAC, encabezado por su dirigencia estatal, este cumplimiento representa tambi\u00e9n un mensaje pol\u00edtico rumbo al 2027: Alianza Ciudadana mantiene registro, territorio y organizaci\u00f3n, condiciones que le permiten participar con una estructura propia en la definici\u00f3n del futuro pol\u00edtico de Tlaxcala.<\/p>\n<p style=\"text-align: justify;\">En un escenario donde los partidos se preparan para una nueva disputa electoral, el PAC demuestra que sigue siendo una fuerza pol\u00edtica local con capacidad de organizaci\u00f3n y presencia en los 60 municipios.<\/p>\n<p style=\"text-align: justify;\">El PAC est\u00e1 vigente, tiene militancia y tiene territorio. La Alianza Ciudadana contin\u00faa haciendo pol\u00edtica desde Tlaxcala y para Tlaxcala.<\/p>\n<p>&nbsp;<\/p>\n<p><img loading=\"lazy\" decoding=\"async\" class=\"aligncenter wp-image-79046 size-large\" src=\"https:\/\/labestiapolitica.com.mx\/wp-content\/uploads\/2026\/07\/AJ-uni-819x1024.jpeg\" alt=\"\" width=\"640\" height=\"800\" srcset=\"https:\/\/labestiapolitica.com.mx\/wp-content\/uploads\/2026\/07\/AJ-uni-819x1024.jpeg 819w, https:\/\/labestiapolitica.com.mx\/wp-content\/uploads\/2026\/07\/AJ-uni-240x300.jpeg 240w, https:\/\/labestiapolitica.com.mx\/wp-content\/uploads\/2026\/07\/AJ-uni-768x960.jpeg 768w, https:\/\/labestiapolitica.com.mx\/wp-content\/uploads\/2026\/07\/AJ-uni.jpeg 1080w\" sizes=\"auto, (max-width: 640px) 100vw, 640px\" \/><\/p>\n","protected":false},"excerpt":{"rendered":"<p>Con 6 mil 188 registros v\u00e1lidos y presencia de afiliados en los 60 municipios, el Partido Alianza Ciudadana refrenda su estructura y capacidad pol\u00edtica rumbo al escenario electoral de 2027. El Partido Alianza Ciudadana (PAC) cumple con la normatividad en materia de afiliaci\u00f3n y con el n\u00famero m\u00ednimo de militantes requerido para conservar su registro, [&hellip;]<\/p>\n","protected":false},"author":5,"featured_media":84272,"comment_status":"open","ping_status":"open","sticky":false,"template":"","format":"standard","meta":{"footnotes":""},"categories":[298,264,247],"tags":[],"class_list":["post-84271","post","type-post","status-publish","format-standard","has-post-thumbnail","hentry","category-pac-partido-alianza-ciudadana","category-partidos-politicos","category-politica"],"amp_enabled":true,"_links":{"self":[{"href":"https:\/\/labestiapolitica.com.mx\/index.php?rest_route=\/wp\/v2\/posts\/84271","targetHints":{"allow":["GET"]}}],"collection":[{"href":"https:\/\/labestiapolitica.com.mx\/index.php?rest_route=\/wp\/v2\/posts"}],"about":[{"href":"https:\/\/labestiapolitica.com.mx\/index.php?rest_route=\/wp\/v2\/types\/post"}],"author":[{"embeddable":true,"href":"https:\/\/labestiapolitica.com.mx\/index.php?rest_route=\/wp\/v2\/users\/5"}],"replies":[{"embeddable":true,"href":"https:\/\/labestiapolitica.com.mx\/index.php?rest_route=%2Fwp%2Fv2%2Fcomments&post=84271"}],"version-history":[{"count":1,"href":"https:\/\/labestiapolitica.com.mx\/index.php?rest_route=\/wp\/v2\/posts\/84271\/revisions"}],"predecessor-version":[{"id":84273,"href":"https:\/\/labestiapolitica.com.mx\/index.php?rest_route=\/wp\/v2\/posts\/84271\/revisions\/84273"}],"wp:featuredmedia":[{"embeddable":true,"href":"https:\/\/labestiapolitica.com.mx\/index.php?rest_route=\/wp\/v2\/media\/84272"}],"wp:attachment":[{"href":"https:\/\/labestiapolitica.com.mx\/index.php?rest_route=%2Fwp%2Fv2%2Fmedia&parent=84271"}],"wp:term":[{"taxonomy":"category","embeddable":true,"href":"https:\/\/labestiapolitica.com.mx\/index.php?rest_route=%2Fwp%2Fv2%2Fcategories&post=84271"},{"taxonomy":"post_tag","embeddable":true,"href":"https:\/\/labestiapolitica.com.mx\/index.php?rest_route=%2Fwp%2Fv2%2Ftags&post=84271"}],"curies":[{"name":"wp","href":"https:\/\/api.w.org\/{rel}","templated":true}]}}