{"id":84285,"date":"2026-09-01T19:25:24","date_gmt":"2026-09-02T01:25:24","guid":{"rendered":"https:\/\/labestiapolitica.com.mx\/?p=84285"},"modified":"2026-09-01T19:26:21","modified_gmt":"2026-09-02T01:26:21","slug":"carlos-augusto-aventaja-a-alfonso-en-cuatro-de-cinco-indicadores-clave-de-valoracion","status":"publish","type":"post","link":"https:\/\/labestiapolitica.com.mx\/?p=84285","title":{"rendered":"Carlos Augusto aventaja a Alfonso en cuatro de cinco indicadores clave de valoraci\u00f3n."},"content":{"rendered":"<ul>\n<li style=\"text-align: justify;\">Los datos de Sulus muestran saldos positivos para P\u00e9rez Hern\u00e1ndez en imagen, honestidad, conocimiento del estado y apoyo.<\/li>\n<\/ul>\n<p style=\"text-align: justify;\">La definici\u00f3n de quien encabezar\u00e1 los Comit\u00e9s en Defensa de la Transformaci\u00f3n y la Soberan\u00eda Nacional en Tlaxcala no puede reducirse \u00fanicamente a qui\u00e9n es m\u00e1s conocido. En la valoraci\u00f3n de los perfiles tambi\u00e9n importan atributos como la honestidad, la imagen, la cercan\u00eda con la ciudadan\u00eda, el conocimiento del territorio y la disposici\u00f3n de apoyo.<\/p>\n<p style=\"text-align: justify;\">Bajo esa perspectiva, <em>Carlos Augusto P\u00e9rez Hern\u00e1ndez<\/em> presento en su tradicional rueda de prensa resultados competitivos y favorables en las mediciones que ha dado a conocer durante su posicionamiento p\u00fablico.<\/p>\n<p style=\"text-align: justify;\">De acuerdo con la encuesta de Sulus, levantada del 13 al 16 de agosto de 2026 mediante 1,215 entrevistas en vivienda, Carlos Augusto aventaja a Alfonso S\u00e1nchez Garc\u00eda en los cuatro indicadores cualitativos comparados directamente.<\/p>\n<p style=\"text-align: justify;\">En imagen, Carlos Augusto registra un saldo de +2.6, frente a -3.5 de Alfonso S\u00e1nchez.<\/p>\n<p style=\"text-align: justify;\">En honestidad, P\u00e9rez Hern\u00e1ndez obtiene +2.3, mientras S\u00e1nchez Garc\u00eda registra -0.9.<\/p>\n<p style=\"text-align: justify;\">En percepci\u00f3n de conocimiento del estado, Carlos Augusto alcanza +1.2, frente a -2.1 de Alfonso.<\/p>\n<p style=\"text-align: justify;\">Y en apoyo, Carlos Augusto presenta un saldo de +2.0, mientras Alfonso S\u00e1nchez obtiene -2.0.<\/p>\n<p style=\"text-align: justify;\">El dato es relevante: Carlos Augusto mantiene saldos positivos en cuatro de cinco indicadores y supera a Alfonso S\u00e1nchez en cada uno de ellos.<\/p>\n<p style=\"text-align: justify;\">Durante su conferencia de prensa, Carlos Augusto P\u00e9rez Hern\u00e1ndez destac\u00f3 que distintas casas encuestadoras han colocado su nombre en el tercer lugar en materia de conocimiento y popularidad, pero se\u00f1al\u00f3 que la valoraci\u00f3n de un perfil pol\u00edtico no puede agotarse en ese indicador.<\/p>\n<blockquote>\n<p style=\"text-align: justify;\"><em><strong>\u201cEn pol\u00edtica importa que la gente conozca a un aspirante, pero tambi\u00e9n importa \u2014y mucho\u2014 qu\u00e9 piensa de \u00e9l cuando ya lo conoce\u201d<\/strong>, sostuvo.<\/em><\/p>\n<\/blockquote>\n<p style=\"text-align: justify;\">El aspirante morenista explic\u00f3 que las mediciones presentadas corresponden a casas encuestadoras diferentes y metodolog\u00edas independientes, por lo que no deben mezclarse como si fueran una sola medici\u00f3n. Sin embargo, consider\u00f3 significativo que en distintos ejercicios aparezcan valoraciones cualitativas favorables a su perfil.<\/p>\n<p style=\"text-align: justify;\">La medici\u00f3n tambi\u00e9n muestra que el conocimiento de Carlos Augusto todav\u00eda tiene margen de crecimiento: mientras 23.9 por ciento de los entrevistados manifest\u00f3 conocerlo o haber o\u00eddo hablar de \u00e9l, los dos perfiles m\u00e1s conocidos superan el 50 por ciento.<\/p>\n<h3 style=\"text-align: justify;\">Nautilus tambi\u00e9n registra saldos positivos.<\/h3>\n<p style=\"text-align: justify;\">Carlos Augusto tambi\u00e9n present\u00f3 resultados de una medici\u00f3n de Nautilius, encuestadora poblana realizada mediante 1,200 entrevistas en vivienda, en la que, de acuerdo con los datos expuestos por el aspirante, obtuvo resultados favorables en cuatro de cinco atributos evaluados.<\/p>\n<p style=\"text-align: justify;\">Entre ellos se encuentran saldos de +4.12 en honestidad, +2.60 en opini\u00f3n positiva, +2.01 en disposici\u00f3n de voto y +1.16 en conocimiento del estado.<\/p>\n<p style=\"text-align: justify;\">Asimismo, el ejercicio report\u00f3 para P\u00e9rez Hern\u00e1ndez una preferencia directa de 8.86 por ciento, mientras que la medici\u00f3n de Sulus, realizada semanas despu\u00e9s, registr\u00f3 10 por ciento.<\/p>\n<p style=\"text-align: justify;\">Carlos Augusto subray\u00f3 que, al tratarse de diferentes casas encuestadoras, no es t\u00e9cnicamente correcto presentar estos resultados como una tendencia estad\u00edstica \u00fanica, pero s\u00ed consider\u00f3 que muestran una se\u00f1al que debe ser tomada en cuenta: un crecimiento acompa\u00f1ado de valoraciones cualitativas positivas.<\/p>\n<h3 style=\"text-align: justify;\">Enkoll y La Cr\u00f3nica tambi\u00e9n lo ubican en el tercer sitio.<\/h3>\n<p style=\"text-align: justify;\">El aspirante record\u00f3 adem\u00e1s que mediciones de Enkoll y La Cr\u00f3nica han colocado su perfil en el tercer sitio entre los aspirantes considerados.<\/p>\n<p style=\"text-align: justify;\">En la medici\u00f3n de Enkoll publicada para EL UNIVERSAL, correspondiente a abril, Carlos Augusto aparec\u00eda con 12 por ciento, detr\u00e1s de Ana Lilia Rivera y Alfonso S\u00e1nchez Garc\u00eda. (Comunicaciones Sociales\u2060\ufffc)<\/p>\n<p style=\"text-align: justify;\">Por su parte, la encuesta publicada por La Cr\u00f3nica de Hoy, levantada del 13 al 18 de agosto, coloc\u00f3 a Carlos Augusto con 21 por ciento en uno de los careos electorales, detr\u00e1s de Ana Lilia Rivera y Alfonso S\u00e1nchez Garc\u00eda. (La Cr\u00f3nica de Hoy\u2060\ufffc)<\/p>\n<h3 style=\"text-align: justify;\">Una competencia que todav\u00eda no est\u00e1 definida.<\/h3>\n<p style=\"text-align: justify;\">Carlos Augusto P\u00e9rez Hern\u00e1ndez sostuvo que ninguna encuesta, por s\u00ed sola, define el proceso interno de Morena.<\/p>\n<blockquote>\n<p style=\"text-align: justify;\"><strong><em>\u201cLas encuestas son fotograf\u00edas de un momento determinado, no son la decisi\u00f3n final\u201d<\/em><\/strong><em>, afirm\u00f3.<\/em><\/p>\n<\/blockquote>\n<p style=\"text-align: justify;\">Por ello, llam\u00f3 a no reducir la discusi\u00f3n a qui\u00e9n tiene mayor conocimiento p\u00fablico y plante\u00f3 que tambi\u00e9n deben valorarse la trayectoria, la honestidad, la imagen, la cercan\u00eda con la gente, el conocimiento del territorio, la opini\u00f3n positiva y la afinidad con los principios de la Cuarta Transformaci\u00f3n.<\/p>\n<p style=\"text-align: justify;\">El aspirante afirm\u00f3 que su principal fortaleza est\u00e1 precisamente en esos atributos y en el trabajo territorial que ha realizado durante los \u00faltimos meses.<\/p>\n<p style=\"text-align: justify;\">Finalmente, Carlos Augusto P\u00e9rez Hern\u00e1ndez reiter\u00f3 su respaldo al proyecto de transformaci\u00f3n encabezado por la presidenta Claudia Sheinbaum Pardo, llam\u00f3 a mantener la unidad dentro de Morena y asegur\u00f3 que continuar\u00e1 recorriendo Tlaxcala y escuchando directamente a las familias del estado.<\/p>\n<blockquote>\n<p style=\"text-align: justify;\"><strong><em>\u201cAqu\u00ed no se trata de dividir al movimiento. Se trata de construir una opci\u00f3n que represente a la gente, que sea honesta, cercana y que pueda dar continuidad a la transformaci\u00f3n de Tlaxcala.\u201d<\/em><\/strong><\/p>\n<\/blockquote>\n","protected":false},"excerpt":{"rendered":"<p>Los datos de Sulus muestran saldos positivos para P\u00e9rez Hern\u00e1ndez en imagen, honestidad, conocimiento del estado y apoyo. La definici\u00f3n de quien encabezar\u00e1 los Comit\u00e9s en Defensa de la Transformaci\u00f3n y la Soberan\u00eda Nacional en Tlaxcala no puede reducirse \u00fanicamente a qui\u00e9n es m\u00e1s conocido. En la valoraci\u00f3n de los perfiles tambi\u00e9n importan atributos como [&hellip;]<\/p>\n","protected":false},"author":5,"featured_media":84289,"comment_status":"open","ping_status":"open","sticky":false,"template":"","format":"standard","meta":{"footnotes":""},"categories":[3,247],"tags":[],"class_list":["post-84285","post","type-post","status-publish","format-standard","has-post-thumbnail","hentry","category-8-columnas","category-politica"],"amp_enabled":true,"_links":{"self":[{"href":"https:\/\/labestiapolitica.com.mx\/index.php?rest_route=\/wp\/v2\/posts\/84285","targetHints":{"allow":["GET"]}}],"collection":[{"href":"https:\/\/labestiapolitica.com.mx\/index.php?rest_route=\/wp\/v2\/posts"}],"about":[{"href":"https:\/\/labestiapolitica.com.mx\/index.php?rest_route=\/wp\/v2\/types\/post"}],"author":[{"embeddable":true,"href":"https:\/\/labestiapolitica.com.mx\/index.php?rest_route=\/wp\/v2\/users\/5"}],"replies":[{"embeddable":true,"href":"https:\/\/labestiapolitica.com.mx\/index.php?rest_route=%2Fwp%2Fv2%2Fcomments&post=84285"}],"version-history":[{"count":2,"href":"https:\/\/labestiapolitica.com.mx\/index.php?rest_route=\/wp\/v2\/posts\/84285\/revisions"}],"predecessor-version":[{"id":84290,"href":"https:\/\/labestiapolitica.com.mx\/index.php?rest_route=\/wp\/v2\/posts\/84285\/revisions\/84290"}],"wp:featuredmedia":[{"embeddable":true,"href":"https:\/\/labestiapolitica.com.mx\/index.php?rest_route=\/wp\/v2\/media\/84289"}],"wp:attachment":[{"href":"https:\/\/labestiapolitica.com.mx\/index.php?rest_route=%2Fwp%2Fv2%2Fmedia&parent=84285"}],"wp:term":[{"taxonomy":"category","embeddable":true,"href":"https:\/\/labestiapolitica.com.mx\/index.php?rest_route=%2Fwp%2Fv2%2Fcategories&post=84285"},{"taxonomy":"post_tag","embeddable":true,"href":"https:\/\/labestiapolitica.com.mx\/index.php?rest_route=%2Fwp%2Fv2%2Ftags&post=84285"}],"curies":[{"name":"wp","href":"https:\/\/api.w.org\/{rel}","templated":true}]}}