{"id":84294,"date":"2026-09-01T19:33:18","date_gmt":"2026-09-02T01:33:18","guid":{"rendered":"https:\/\/labestiapolitica.com.mx\/?p=84294"},"modified":"2026-09-01T19:33:18","modified_gmt":"2026-09-02T01:33:18","slug":"ixtenco-se-viste-de-patria-aline-lazo-encabeza-pega-del-bando-solemne-2026","status":"publish","type":"post","link":"https:\/\/labestiapolitica.com.mx\/?p=84294","title":{"rendered":"Ixtenco se viste de patria: Aline Lazo encabeza pega del bando solemne 2026."},"content":{"rendered":"<p style=\"text-align: justify;\">Con orgullo y profundo respeto por los s\u00edmbolos que nos dan identidad como mexicanos, la presidenta municipal de Ixtenco, Mtra. Miriam Aline Lazo Caballero, acompa\u00f1ada por integrantes del Honorable Ayuntamiento, realiz\u00f3 este martes la tradicional pega del Bando Solemne de las Fiestas Patrias 2026 en las principales calles del municipio.<\/p>\n<p style=\"text-align: justify;\">Previamente, las autoridades municipales participaron en el izamiento de la Bandera Nacional en la Plaza de la Constituci\u00f3n, dando inicio oficialmente a las actividades conmemorativas del CCXVI Aniversario del Inicio de la Independencia de M\u00e9xico. Posteriormente recorrieron diferentes puntos de Ixtenco para colocar el Bando Solemne e invitar a las familias a conocer y participar en el programa c\u00edvico preparado para septiembre.<\/p>\n<p style=\"text-align: justify;\">El Bando Solemne contempla actividades los d\u00edas 13, 15, 16, 27 y 30 de septiembre, con ceremonias c\u00edvicas, izamientos y arriamientos de bandera, as\u00ed como actos para recordar acontecimientos y personajes fundamentales de la historia nacional. Destaca la Noche del Grito de Independencia, el 15 de septiembre, que incluir\u00e1 el arribo del Fuego Simb\u00f3lico, programa art\u00edstico y c\u00edvico, coronaci\u00f3n de la Reina de Fiestas Patrias y el tradicional Grito de Independencia encabezado por la presidenta municipal.<\/p>\n<p style=\"text-align: justify;\">Asimismo, el 16 de septiembre se realizar\u00e1 la ceremonia conmemorativa por el CCXVI aniversario de la Independencia de M\u00e9xico y el tradicional desfile por las principales calles del municipio. Las actividades continuar\u00e1n el 27 de septiembre, conmemorando la Consumaci\u00f3n de la Independencia, y concluir\u00e1n el 30 de septiembre con una ceremonia c\u00edvica por el natalicio de Jos\u00e9 Mar\u00eda Morelos y Pav\u00f3n.<\/p>\n<p style=\"text-align: justify;\">Con estas acciones, el Gobierno Municipal de Ixtenco refrenda su compromiso de preservar nuestras tradiciones c\u00edvicas, fortalecer la identidad nacional y fomentar entre las nuevas generaciones el respeto y orgullo por la historia de M\u00e9xico, invitando a toda la ciudadan\u00eda a vivir en unidad y con esp\u00edritu patrio las celebraciones de septiembre.<\/p>\n<p>&nbsp;<\/p>\n<p><img loading=\"lazy\" decoding=\"async\" class=\"aligncenter wp-image-79046 size-large\" src=\"https:\/\/labestiapolitica.com.mx\/wp-content\/uploads\/2026\/07\/AJ-uni-819x1024.jpeg\" alt=\"\" width=\"640\" height=\"800\" srcset=\"https:\/\/labestiapolitica.com.mx\/wp-content\/uploads\/2026\/07\/AJ-uni-819x1024.jpeg 819w, https:\/\/labestiapolitica.com.mx\/wp-content\/uploads\/2026\/07\/AJ-uni-240x300.jpeg 240w, https:\/\/labestiapolitica.com.mx\/wp-content\/uploads\/2026\/07\/AJ-uni-768x960.jpeg 768w, https:\/\/labestiapolitica.com.mx\/wp-content\/uploads\/2026\/07\/AJ-uni.jpeg 1080w\" sizes=\"auto, (max-width: 640px) 100vw, 640px\" \/><\/p>\n","protected":false},"excerpt":{"rendered":"<p>Con orgullo y profundo respeto por los s\u00edmbolos que nos dan identidad como mexicanos, la presidenta municipal de Ixtenco, Mtra. Miriam Aline Lazo Caballero, acompa\u00f1ada por integrantes del Honorable Ayuntamiento, realiz\u00f3 este martes la tradicional pega del Bando Solemne de las Fiestas Patrias 2026 en las principales calles del municipio. Previamente, las autoridades municipales participaron [&hellip;]<\/p>\n","protected":false},"author":5,"featured_media":84295,"comment_status":"open","ping_status":"open","sticky":false,"template":"","format":"standard","meta":{"footnotes":""},"categories":[257,216],"tags":[],"class_list":["post-84294","post","type-post","status-publish","format-standard","has-post-thumbnail","hentry","category-ixtenco","category-municipios"],"amp_enabled":true,"_links":{"self":[{"href":"https:\/\/labestiapolitica.com.mx\/index.php?rest_route=\/wp\/v2\/posts\/84294","targetHints":{"allow":["GET"]}}],"collection":[{"href":"https:\/\/labestiapolitica.com.mx\/index.php?rest_route=\/wp\/v2\/posts"}],"about":[{"href":"https:\/\/labestiapolitica.com.mx\/index.php?rest_route=\/wp\/v2\/types\/post"}],"author":[{"embeddable":true,"href":"https:\/\/labestiapolitica.com.mx\/index.php?rest_route=\/wp\/v2\/users\/5"}],"replies":[{"embeddable":true,"href":"https:\/\/labestiapolitica.com.mx\/index.php?rest_route=%2Fwp%2Fv2%2Fcomments&post=84294"}],"version-history":[{"count":1,"href":"https:\/\/labestiapolitica.com.mx\/index.php?rest_route=\/wp\/v2\/posts\/84294\/revisions"}],"predecessor-version":[{"id":84296,"href":"https:\/\/labestiapolitica.com.mx\/index.php?rest_route=\/wp\/v2\/posts\/84294\/revisions\/84296"}],"wp:featuredmedia":[{"embeddable":true,"href":"https:\/\/labestiapolitica.com.mx\/index.php?rest_route=\/wp\/v2\/media\/84295"}],"wp:attachment":[{"href":"https:\/\/labestiapolitica.com.mx\/index.php?rest_route=%2Fwp%2Fv2%2Fmedia&parent=84294"}],"wp:term":[{"taxonomy":"category","embeddable":true,"href":"https:\/\/labestiapolitica.com.mx\/index.php?rest_route=%2Fwp%2Fv2%2Fcategories&post=84294"},{"taxonomy":"post_tag","embeddable":true,"href":"https:\/\/labestiapolitica.com.mx\/index.php?rest_route=%2Fwp%2Fv2%2Ftags&post=84294"}],"curies":[{"name":"wp","href":"https:\/\/api.w.org\/{rel}","templated":true}]}}