{"id":84297,"date":"2026-09-01T19:35:45","date_gmt":"2026-09-02T01:35:45","guid":{"rendered":"https:\/\/labestiapolitica.com.mx\/?p=84297"},"modified":"2026-09-01T19:35:45","modified_gmt":"2026-09-02T01:35:45","slug":"mexico-avanza-porque-claudia-sheinbaum-gobierna-con-amor-al-pueblo-alfonso-sanchez","status":"publish","type":"post","link":"https:\/\/labestiapolitica.com.mx\/?p=84297","title":{"rendered":"M\u00e9xico avanza porque Claudia Sheinbaum gobierna con amor al pueblo: Alfonso S\u00e1nchez."},"content":{"rendered":"<ul>\n<li style=\"text-align: justify;\">Desde Tlaxcala hacemos equipo con la presidenta para seguir transformando a M\u00e9xico.<\/li>\n<\/ul>\n<p style=\"text-align: justify;\">Tras escuchar el segundo informe de resultados presentado al pueblo de M\u00e9xico por la presidenta Claudia Sheinbaum Pardo, el aspirante a coordinador de Morena, Alfonso S\u00e1nchez Garc\u00eda, felicit\u00f3 a la mandataria y reconoci\u00f3 que, con sus decisiones y liderazgo, M\u00e9xico avanza con m\u00e1s derechos, bienestar y justicia para todas y todos.<\/p>\n<p style=\"text-align: justify;\">Asimismo, destac\u00f3 su compromiso de rendir cuentas a la naci\u00f3n y se\u00f1al\u00f3 que los resultados alcanzados reflejan la continuidad y consolidaci\u00f3n del proyecto de transformaci\u00f3n iniciado por el expresidente Andr\u00e9s Manuel L\u00f3pez Obrador, con una visi\u00f3n que mantiene al pueblo como prioridad.<\/p>\n<p style=\"text-align: justify;\">\u201cSon dos a\u00f1os de honestidad y resultados que se traducen en bienestar para millones de familias y demuestran que M\u00e9xico avanza cuando se gobierna con el pueblo y para el pueblo\u201d, afirm\u00f3.<\/p>\n<p style=\"text-align: justify;\">Alfonso S\u00e1nchez Garc\u00eda sostuvo que desde Tlaxcala corresponde seguir acompa\u00f1ando este proceso con trabajo cercano a la gente, recorriendo comunidades, escuchando sus necesidades y contribuyendo a que los resultados de la transformaci\u00f3n lleguen a cada rinc\u00f3n del estado.<\/p>\n<p style=\"text-align: justify;\">\u201cPresidenta, cuenta con Tlaxcala; aqu\u00ed estamos, unidos y haciendo equipo por M\u00e9xico\u201d, puntualiz\u00f3.<\/p>\n<p>&nbsp;<\/p>\n<p><img loading=\"lazy\" decoding=\"async\" class=\"aligncenter wp-image-79046 size-large\" src=\"https:\/\/labestiapolitica.com.mx\/wp-content\/uploads\/2026\/07\/AJ-uni-819x1024.jpeg\" alt=\"\" width=\"640\" height=\"800\" srcset=\"https:\/\/labestiapolitica.com.mx\/wp-content\/uploads\/2026\/07\/AJ-uni-819x1024.jpeg 819w, https:\/\/labestiapolitica.com.mx\/wp-content\/uploads\/2026\/07\/AJ-uni-240x300.jpeg 240w, https:\/\/labestiapolitica.com.mx\/wp-content\/uploads\/2026\/07\/AJ-uni-768x960.jpeg 768w, https:\/\/labestiapolitica.com.mx\/wp-content\/uploads\/2026\/07\/AJ-uni.jpeg 1080w\" sizes=\"auto, (max-width: 640px) 100vw, 640px\" \/><\/p>\n","protected":false},"excerpt":{"rendered":"<p>Desde Tlaxcala hacemos equipo con la presidenta para seguir transformando a M\u00e9xico. Tras escuchar el segundo informe de resultados presentado al pueblo de M\u00e9xico por la presidenta Claudia Sheinbaum Pardo, el aspirante a coordinador de Morena, Alfonso S\u00e1nchez Garc\u00eda, felicit\u00f3 a la mandataria y reconoci\u00f3 que, con sus decisiones y liderazgo, M\u00e9xico avanza con m\u00e1s [&hellip;]<\/p>\n","protected":false},"author":5,"featured_media":84298,"comment_status":"open","ping_status":"open","sticky":false,"template":"","format":"standard","meta":{"footnotes":""},"categories":[7],"tags":[],"class_list":["post-84297","post","type-post","status-publish","format-standard","has-post-thumbnail","hentry","category-ciudadanos"],"amp_enabled":true,"_links":{"self":[{"href":"https:\/\/labestiapolitica.com.mx\/index.php?rest_route=\/wp\/v2\/posts\/84297","targetHints":{"allow":["GET"]}}],"collection":[{"href":"https:\/\/labestiapolitica.com.mx\/index.php?rest_route=\/wp\/v2\/posts"}],"about":[{"href":"https:\/\/labestiapolitica.com.mx\/index.php?rest_route=\/wp\/v2\/types\/post"}],"author":[{"embeddable":true,"href":"https:\/\/labestiapolitica.com.mx\/index.php?rest_route=\/wp\/v2\/users\/5"}],"replies":[{"embeddable":true,"href":"https:\/\/labestiapolitica.com.mx\/index.php?rest_route=%2Fwp%2Fv2%2Fcomments&post=84297"}],"version-history":[{"count":1,"href":"https:\/\/labestiapolitica.com.mx\/index.php?rest_route=\/wp\/v2\/posts\/84297\/revisions"}],"predecessor-version":[{"id":84299,"href":"https:\/\/labestiapolitica.com.mx\/index.php?rest_route=\/wp\/v2\/posts\/84297\/revisions\/84299"}],"wp:featuredmedia":[{"embeddable":true,"href":"https:\/\/labestiapolitica.com.mx\/index.php?rest_route=\/wp\/v2\/media\/84298"}],"wp:attachment":[{"href":"https:\/\/labestiapolitica.com.mx\/index.php?rest_route=%2Fwp%2Fv2%2Fmedia&parent=84297"}],"wp:term":[{"taxonomy":"category","embeddable":true,"href":"https:\/\/labestiapolitica.com.mx\/index.php?rest_route=%2Fwp%2Fv2%2Fcategories&post=84297"},{"taxonomy":"post_tag","embeddable":true,"href":"https:\/\/labestiapolitica.com.mx\/index.php?rest_route=%2Fwp%2Fv2%2Ftags&post=84297"}],"curies":[{"name":"wp","href":"https:\/\/api.w.org\/{rel}","templated":true}]}}