{"id":84312,"date":"2026-09-01T19:50:05","date_gmt":"2026-09-02T01:50:05","guid":{"rendered":"https:\/\/labestiapolitica.com.mx\/?p=84312"},"modified":"2026-09-01T19:50:05","modified_gmt":"2026-09-02T01:50:05","slug":"inicia-el-ayuntamiento-de-apizaco-obras-de-pavimentacion-en-la-comunidad-de-santa-anita-huiloac","status":"publish","type":"post","link":"https:\/\/labestiapolitica.com.mx\/?p=84312","title":{"rendered":"Inicia el Ayuntamiento de Apizaco obras de pavimentaci\u00f3n en la comunidad de Santa Anita Huiloac."},"content":{"rendered":"<ul>\n<li style=\"text-align: justify;\">Arranc\u00f3 la construcci\u00f3n de m\u00e1s de 2,900 metros cuadrados de adoqu\u00edn en la Calle Pedro Cedillo.<\/li>\n<\/ul>\n<p style=\"text-align: justify;\">El Gobierno Municipal de Apizaco, encabezado por el Presidente Javier Rivera Bonilla, dio el banderazo de inicio a los trabajos de pavimentaci\u00f3n con adoqu\u00edn en la Calle Pedro Cedillo, obra que contempla una meta de 2,916 metros cuadrados, para el beneficio de hasta 1,500 habitantes de la zona.<\/p>\n<p style=\"text-align: justify;\">\u200bEste proyecto form\u00f3 parte de una jornada de tres arranques de obra ejecutados este inicio de semana por la administraci\u00f3n municipal, la cual incluy\u00f3 tambi\u00e9n el comienzo de dos proyectos de infraestructura en la Colonia Loma Florida, con el prop\u00f3sito de mejorar la movilidad y el desarrollo en las comunidades del municipio.<\/p>\n<p style=\"text-align: justify;\">\u200bDurante el evento en la comunidad de Santa Anita Huiloac, la autoridad municipal destac\u00f3 que estos proyectos se realizan bajo los principios del Humanismo Mexicano y la Cuarta Transformaci\u00f3n, priorizando el trabajo en campo y la cercan\u00eda con la ciudadan\u00eda.<\/p>\n<p style=\"text-align: justify;\">\u200b\u201cObras como estas no se deciden desde una oficina a puerta cerrada, nacen del di\u00e1logo directo, del esfuerzo compartido y de escucharlos a trav\u00e9s de programas como los Martes de Atenci\u00f3n Ciudadana\u201d, afirm\u00f3 el edil municipal.<\/p>\n<p style=\"text-align: justify;\">\u200bAsimismo, la autoridad enfatiz\u00f3 que la correcta administraci\u00f3n de los recursos p\u00fablicos permite atender rezagos hist\u00f3ricos en la infraestructura b\u00e1sica de la demarcaci\u00f3n.<\/p>\n<p style=\"text-align: justify;\">\u200b\u201cCuando se gobierna con honestidad, transparencia y austeridad, sin corrupci\u00f3n ni derroches, el dinero del pueblo rinde y se convierte en obras que garantizan servicios b\u00e1sicos dignos y calles seguras y transitables\u201d, subray\u00f3 el alcalde.<\/p>\n<p>&nbsp;<\/p>\n<p><img loading=\"lazy\" decoding=\"async\" class=\"aligncenter wp-image-79046 size-large\" src=\"https:\/\/labestiapolitica.com.mx\/wp-content\/uploads\/2026\/07\/AJ-uni-819x1024.jpeg\" alt=\"\" width=\"640\" height=\"800\" srcset=\"https:\/\/labestiapolitica.com.mx\/wp-content\/uploads\/2026\/07\/AJ-uni-819x1024.jpeg 819w, https:\/\/labestiapolitica.com.mx\/wp-content\/uploads\/2026\/07\/AJ-uni-240x300.jpeg 240w, https:\/\/labestiapolitica.com.mx\/wp-content\/uploads\/2026\/07\/AJ-uni-768x960.jpeg 768w, https:\/\/labestiapolitica.com.mx\/wp-content\/uploads\/2026\/07\/AJ-uni.jpeg 1080w\" sizes=\"auto, (max-width: 640px) 100vw, 640px\" \/><\/p>\n","protected":false},"excerpt":{"rendered":"<p>Arranc\u00f3 la construcci\u00f3n de m\u00e1s de 2,900 metros cuadrados de adoqu\u00edn en la Calle Pedro Cedillo. El Gobierno Municipal de Apizaco, encabezado por el Presidente Javier Rivera Bonilla, dio el banderazo de inicio a los trabajos de pavimentaci\u00f3n con adoqu\u00edn en la Calle Pedro Cedillo, obra que contempla una meta de 2,916 metros cuadrados, para [&hellip;]<\/p>\n","protected":false},"author":5,"featured_media":84313,"comment_status":"open","ping_status":"open","sticky":false,"template":"","format":"standard","meta":{"footnotes":""},"categories":[226,216],"tags":[],"class_list":["post-84312","post","type-post","status-publish","format-standard","has-post-thumbnail","hentry","category-apizaco","category-municipios"],"amp_enabled":true,"_links":{"self":[{"href":"https:\/\/labestiapolitica.com.mx\/index.php?rest_route=\/wp\/v2\/posts\/84312","targetHints":{"allow":["GET"]}}],"collection":[{"href":"https:\/\/labestiapolitica.com.mx\/index.php?rest_route=\/wp\/v2\/posts"}],"about":[{"href":"https:\/\/labestiapolitica.com.mx\/index.php?rest_route=\/wp\/v2\/types\/post"}],"author":[{"embeddable":true,"href":"https:\/\/labestiapolitica.com.mx\/index.php?rest_route=\/wp\/v2\/users\/5"}],"replies":[{"embeddable":true,"href":"https:\/\/labestiapolitica.com.mx\/index.php?rest_route=%2Fwp%2Fv2%2Fcomments&post=84312"}],"version-history":[{"count":1,"href":"https:\/\/labestiapolitica.com.mx\/index.php?rest_route=\/wp\/v2\/posts\/84312\/revisions"}],"predecessor-version":[{"id":84314,"href":"https:\/\/labestiapolitica.com.mx\/index.php?rest_route=\/wp\/v2\/posts\/84312\/revisions\/84314"}],"wp:featuredmedia":[{"embeddable":true,"href":"https:\/\/labestiapolitica.com.mx\/index.php?rest_route=\/wp\/v2\/media\/84313"}],"wp:attachment":[{"href":"https:\/\/labestiapolitica.com.mx\/index.php?rest_route=%2Fwp%2Fv2%2Fmedia&parent=84312"}],"wp:term":[{"taxonomy":"category","embeddable":true,"href":"https:\/\/labestiapolitica.com.mx\/index.php?rest_route=%2Fwp%2Fv2%2Fcategories&post=84312"},{"taxonomy":"post_tag","embeddable":true,"href":"https:\/\/labestiapolitica.com.mx\/index.php?rest_route=%2Fwp%2Fv2%2Ftags&post=84312"}],"curies":[{"name":"wp","href":"https:\/\/api.w.org\/{rel}","templated":true}]}}